{"id":99766,"date":"2026-03-17T11:41:59","date_gmt":"2026-03-17T14:41:59","guid":{"rendered":"https:\/\/www.radioamigavallenar.cl\/?p=99766"},"modified":"2026-03-17T11:41:59","modified_gmt":"2026-03-17T14:41:59","slug":"millonaria-inversion-en-libros-para-la-biblioteca-homero-callejas-zamora-de-freirina","status":"publish","type":"post","link":"https:\/\/www.radioamigavallenar.cl\/?p=99766","title":{"rendered":"Millonaria inversi\u00f3n en libros para la Biblioteca Homero Callejas Zamora de Freirina"},"content":{"rendered":"<p>Una inversi\u00f3n del orden de los 2 millones de pesos realiza la Biblioteca Homero Callejas Zamora de Freirina, con el objeto de aumentar la cantidad de libros a disposici\u00f3n de la comunidad.<\/p>\n<p>El director de la Biblioteca, Oriel \u00c1lvarez Hidalgo, inform\u00f3 que \u201cla Coordinadora (s) Regional de Bibliotecas P\u00fablicas de Atacama, Nelly Ocayo Araya, nos notific\u00f3 del proceso nacional de compra de material bibliogr\u00e1fico para el presente a\u00f1o; para lo cual nos hemos puesto en campa\u00f1a de seleccionar e ingresar los t\u00edtulos que se nos ofrece en los listados dispuestos en el mercado a trav\u00e9s del Servicio Nacional del Patrimonio Cultural\u201d.<\/p>\n<p>Agreg\u00f3 que \u201cen esta oportunidad, dadas las necesidades de nuestros lectores, se propone la compra de dos libros por cada t\u00edtulo, lo que se concretar\u00e1 en las pr\u00f3ximas horas.<\/p>\n<div class=\"code-block code-block-8\">\n<div id=\"300x250-A\"><\/div>\n<\/div>\n<p>A esta importante labor, hemos integrado al joven Benjam\u00edn Tabilo Villegas, quien se encuentra realizando un reemplazo laboral en la Biblioteca, lo que fue dispuesto por la Municipalidad de Freirina, a trav\u00e9s de la Direcci\u00f3n de Desarrollo Comunitario (DIDECO)\u201d.<\/p>\n<p>Esta semana la Biblioteca reanuda actividades y programas bibliotecarios como \u00abFOMENTO LECTOR\u00bb (Bibliotecas Vecinales, Puntos de Pr\u00e9stamos, Bibliom\u00f3vil, etc.), \u00abBIBLIOREDES\/COMPUTACI\u00d3N\u00bb y \u00abCONTENIDOS LOCALES\u00bb (Documentales, personajes, patrimonio, etc.) y todo lo que significa el accionar de que \u00abLas Bibliotecas somos m\u00e1s que libros\u00bb.<\/p>\n","protected":false},"excerpt":{"rendered":"<p>Una inversi\u00f3n del orden de los 2 millones de pesos realiza la Biblioteca Homero Callejas Zamora de Freirina, con el objeto de aumentar la cantidad&hellip; <\/p>\n","protected":false},"author":7,"featured_media":99767,"comment_status":"closed","ping_status":"closed","sticky":false,"template":"","format":"standard","meta":{"footnotes":""},"categories":[7],"tags":[],"class_list":["post-99766","post","type-post","status-publish","format-standard","has-post-thumbnail","hentry","category-atacama"],"_links":{"self":[{"href":"https:\/\/www.radioamigavallenar.cl\/index.php?rest_route=\/wp\/v2\/posts\/99766","targetHints":{"allow":["GET"]}}],"collection":[{"href":"https:\/\/www.radioamigavallenar.cl\/index.php?rest_route=\/wp\/v2\/posts"}],"about":[{"href":"https:\/\/www.radioamigavallenar.cl\/index.php?rest_route=\/wp\/v2\/types\/post"}],"author":[{"embeddable":true,"href":"https:\/\/www.radioamigavallenar.cl\/index.php?rest_route=\/wp\/v2\/users\/7"}],"replies":[{"embeddable":true,"href":"https:\/\/www.radioamigavallenar.cl\/index.php?rest_route=%2Fwp%2Fv2%2Fcomments&post=99766"}],"version-history":[{"count":1,"href":"https:\/\/www.radioamigavallenar.cl\/index.php?rest_route=\/wp\/v2\/posts\/99766\/revisions"}],"predecessor-version":[{"id":99768,"href":"https:\/\/www.radioamigavallenar.cl\/index.php?rest_route=\/wp\/v2\/posts\/99766\/revisions\/99768"}],"wp:featuredmedia":[{"embeddable":true,"href":"https:\/\/www.radioamigavallenar.cl\/index.php?rest_route=\/wp\/v2\/media\/99767"}],"wp:attachment":[{"href":"https:\/\/www.radioamigavallenar.cl\/index.php?rest_route=%2Fwp%2Fv2%2Fmedia&parent=99766"}],"wp:term":[{"taxonomy":"category","embeddable":true,"href":"https:\/\/www.radioamigavallenar.cl\/index.php?rest_route=%2Fwp%2Fv2%2Fcategories&post=99766"},{"taxonomy":"post_tag","embeddable":true,"href":"https:\/\/www.radioamigavallenar.cl\/index.php?rest_route=%2Fwp%2Fv2%2Ftags&post=99766"}],"curies":[{"name":"wp","href":"https:\/\/api.w.org\/{rel}","templated":true}]}}