{"id":99763,"date":"2026-03-17T11:00:21","date_gmt":"2026-03-17T14:00:21","guid":{"rendered":"https:\/\/www.radioamigavallenar.cl\/?p=99763"},"modified":"2026-03-17T11:39:22","modified_gmt":"2026-03-17T14:39:22","slug":"gobierno-estudia-cambios-al-mepco-no-hay-recursos-para-mantenerlo-en-las-actuales-condiciones","status":"publish","type":"post","link":"https:\/\/www.radioamigavallenar.cl\/?p=99763","title":{"rendered":"Gobierno estudia cambios al MEPCO: \u00abNo hay recursos para mantenerlo en las actuales condiciones\u00bb"},"content":{"rendered":"<p>El Ejecutivo comenz\u00f3 a evaluar ajustes al\u00a0<strong>Mecanismo de Estabilizaci\u00f3n de Precios de los Combustibles (MEPCO)<\/strong>, el sistema que amortigua las variaciones del precio internacional del petr\u00f3leo en Chile, luego de advertir que el actual escenario podr\u00eda volver financieramente insostenible el mecanismo.<\/p>\n<p>\u201cEl ministro de Hacienda est\u00e1 estudiando cu\u00e1l va a ser la propuesta al Parlamento.\u00a0<span class=\"destacador destacado\">No hay una decisi\u00f3n tomada a\u00fan, pero algo vamos a tener que hacer con el MEPCO\u201d<\/span>\u00a0se\u00f1al\u00f3 el ministro Jos\u00e9 Garc\u00eda Ruminot.<\/p>\n<h2 style=\"text-align: center;\">Gobierno estudia cambios al MEPCO tras alza del petr\u00f3leo<\/h2>\n<p>El tema surgi\u00f3 tras una reuni\u00f3n realizada la tarde del lunes en La Moneda entre el ministro de Hacienda, Jorge Quiroz, y senadores de oposici\u00f3n, donde se discuti\u00f3 la situaci\u00f3n fiscal del pa\u00eds.<\/p>\n<p>Aunque el encuentro estaba enfocado en el Plan de Reconstrucci\u00f3n Nacional, uno de los principales puntos de tensi\u00f3n fue la intenci\u00f3n del Gobierno de presentar un proyecto para modificar el MEPCO, mecanismo vigente desde 2014.<\/p>\n<p>En ese contexto, el ministro secretario general de la Presidencia,\u00a0<strong>Jos\u00e9 Garc\u00eda Ruminot<\/strong>, explic\u00f3 hoy que el Ejecutivo analiza posibles cambios al sistema debido al fuerte incremento del precio internacional del petr\u00f3leo, lo que eleva considerablemente el costo fiscal de mantener el mecanismo.<\/p>\n<p><strong>\u201cEl mundo est\u00e1 viviendo una guerra m\u00e1s larga de lo que se hab\u00eda pensado, y eso est\u00e1 significando que el precio del petr\u00f3leo haya subido fuertemente\u201d<\/strong>, se\u00f1al\u00f3 el secretario de Estado en radio Pauta.<\/p>\n<p>El MEPCO funciona como un instrumento tributario que ajusta cada tres semanas el impuesto espec\u00edfico a los combustibles \u2014gasolina, di\u00e9sel y gas vehicular\u2014 para evitar fluctuaciones bruscas en el precio que pagan los consumidores. Cuando el petr\u00f3leo sube con fuerza, el mecanismo subsidia parte de ese aumento.<\/p>\n<p>Sin embargo, Garc\u00eda Ruminot advirti\u00f3 que cuando las variaciones internacionales superan ciertos par\u00e1metros, el costo para el Estado se dispara.<\/p>\n<p>\u201cCuando esos par\u00e1metros se disparan, la verdad es que el MEPCO presenta una cantidad de d\u00f3lares que es muy grande. Dependiendo del precio internacional del petr\u00f3leo, esto puede representar para el pa\u00eds disponer de recursos entre 3 mil y 5 mil millones de d\u00f3lares,\u00a0<span class=\"destacador destacado\">plata que el fisco chileno hoy no tiene\u201d<\/span>, afirm\u00f3.<\/p>\n<p>El ministro a\u00f1adi\u00f3 que, aunque el mecanismo busca estabilizar los precios, el escenario actual obliga a revisar su funcionamiento.<\/p>\n<p>\u201cHay distintas reacciones frente a esto.<strong>\u00a0Nadie quiere que suban los combustibles, pero desde el Gobierno vemos que hay una situaci\u00f3n emergente que no estaba considerada,<\/strong> que es esta alza enorme del precio internacional del petr\u00f3leo\u201d, sostuvo.<\/p>\n<p>Seg\u00fan detall\u00f3, el\u00a0<a href=\"https:\/\/www.hacienda.cl\/\" target=\"_blank\" rel=\"noopener\">Ministerio de Hacienda<\/a>\u00a0contin\u00faa evaluando alternativas para presentar una propuesta al Congreso.<\/p>\n<p>\u201cEl ministro de Hacienda est\u00e1 estudiando cu\u00e1l va a ser la propuesta al Parlamento. No hay una decisi\u00f3n tomada a\u00fan,\u00a0<span class=\"destacador destacado\">pero algo vamos a tener que hacer con el MEPCO, porque no hay recursos suficientes para poder financiar los costos que implicar\u00eda mantenerlo en las actuales condiciones con esta alza cada tres semanas. Eso va a ser imposible de sostener\u201d<\/span>, concluy\u00f3.<\/p>\n","protected":false},"excerpt":{"rendered":"<p>El Ejecutivo comenz\u00f3 a evaluar ajustes al\u00a0Mecanismo de Estabilizaci\u00f3n de Precios de los Combustibles (MEPCO), el sistema que amortigua las variaciones del precio internacional del&hellip; <\/p>\n","protected":false},"author":7,"featured_media":99764,"comment_status":"closed","ping_status":"closed","sticky":false,"template":"","format":"standard","meta":{"footnotes":""},"categories":[37],"tags":[],"class_list":["post-99763","post","type-post","status-publish","format-standard","has-post-thumbnail","hentry","category-nacional"],"_links":{"self":[{"href":"https:\/\/www.radioamigavallenar.cl\/index.php?rest_route=\/wp\/v2\/posts\/99763","targetHints":{"allow":["GET"]}}],"collection":[{"href":"https:\/\/www.radioamigavallenar.cl\/index.php?rest_route=\/wp\/v2\/posts"}],"about":[{"href":"https:\/\/www.radioamigavallenar.cl\/index.php?rest_route=\/wp\/v2\/types\/post"}],"author":[{"embeddable":true,"href":"https:\/\/www.radioamigavallenar.cl\/index.php?rest_route=\/wp\/v2\/users\/7"}],"replies":[{"embeddable":true,"href":"https:\/\/www.radioamigavallenar.cl\/index.php?rest_route=%2Fwp%2Fv2%2Fcomments&post=99763"}],"version-history":[{"count":1,"href":"https:\/\/www.radioamigavallenar.cl\/index.php?rest_route=\/wp\/v2\/posts\/99763\/revisions"}],"predecessor-version":[{"id":99765,"href":"https:\/\/www.radioamigavallenar.cl\/index.php?rest_route=\/wp\/v2\/posts\/99763\/revisions\/99765"}],"wp:featuredmedia":[{"embeddable":true,"href":"https:\/\/www.radioamigavallenar.cl\/index.php?rest_route=\/wp\/v2\/media\/99764"}],"wp:attachment":[{"href":"https:\/\/www.radioamigavallenar.cl\/index.php?rest_route=%2Fwp%2Fv2%2Fmedia&parent=99763"}],"wp:term":[{"taxonomy":"category","embeddable":true,"href":"https:\/\/www.radioamigavallenar.cl\/index.php?rest_route=%2Fwp%2Fv2%2Fcategories&post=99763"},{"taxonomy":"post_tag","embeddable":true,"href":"https:\/\/www.radioamigavallenar.cl\/index.php?rest_route=%2Fwp%2Fv2%2Ftags&post=99763"}],"curies":[{"name":"wp","href":"https:\/\/api.w.org\/{rel}","templated":true}]}}