{"id":99760,"date":"2026-03-17T11:35:38","date_gmt":"2026-03-17T14:35:38","guid":{"rendered":"https:\/\/www.radioamigavallenar.cl\/?p=99760"},"modified":"2026-03-17T11:35:38","modified_gmt":"2026-03-17T14:35:38","slug":"gobierno-retira-proyecto-de-negociacion-colectiva-ramal-con-que-boric-buscaba-empoderar-a-sindicatos","status":"publish","type":"post","link":"https:\/\/www.radioamigavallenar.cl\/?p=99760","title":{"rendered":"Gobierno retira proyecto de negociaci\u00f3n colectiva ramal con que Boric buscaba empoderar a sindicatos"},"content":{"rendered":"<p>El que buscaba ser otro de los proyectos ic\u00f3nicos de la administraci\u00f3n Boric, termin\u00f3 por ser retirado del Congreso.<\/p>\n<p>Se trata de la\u00a0<span class=\"destacador destacado\"><strong>negociaci\u00f3n colectiva multinivel,<\/strong>\u00a0tambi\u00e9n conocida como\u00a0<strong>negociaci\u00f3n ramal<\/strong><\/span>\u00a0que, seg\u00fan pudo confirmar La Radio, el presidente Jos\u00e9 Antonio Kast retir\u00f3 de su discusi\u00f3n.<\/p>\n<p>Para ello, us\u00f3 una facultad presidencial que permite al gobierno retirar cualquier proyecto presentado por el ejecutivo si este aun no ha sido votado en la sala en primer tr\u00e1mite constitucional.<\/p>\n<h2 style=\"text-align: center;\">Gobierno retira el proyecto de negociaci\u00f3n colectiva ramal<\/h2>\n<p>El modelo de negociaci\u00f3n colectiva multinivel destaca porque contempla el paso de un modelo de negociaci\u00f3n a nivel de empresas hacia uno\u00a0<span class=\"destacador destacado\"><strong>enfocado por sector econ\u00f3mico<\/strong>\u00a0-miner\u00eda, pesca, comercio u otros-, estableciendo est\u00e1ndares m\u00ednimos de sueldo, condiciones de trabajo, salud o seguridad laboral por rama de actividad<\/span>\u00a0-de ah\u00ed su nombre-.<\/p>\n<p>Para ello, se propuso la creaci\u00f3n de Consejos Sectoriales Laborales y Comisiones Subsectoriales, que ser\u00edan integrados por representantes de confederaciones sindicales y gremiales m\u00e1s representativas, cuya composici\u00f3n se basar\u00eda en criterios proporcionales seg\u00fan afiliaci\u00f3n y contrataci\u00f3n, destallaron desde el\u00a0<a href=\"https:\/\/www.mintrab.gob.cl\/gobierno-ingresa-al-congreso-proyecto-de-negociacion-multivel-trabajadores-y-empleadores-podran-acordar-estandares-minimos-para-distintos-sectores-productivos\/#:~:text=Gobierno%20ingresa%20al%20Congreso%20proyecto%20de%20negociaci%C3%B3n,demogr%C3%A1ficos%20y%20productivos%20que%20vive%20el%20pa%C3%ADs%E2%80%9D.\" target=\"_blank\" rel=\"noopener\">Ministerio de Trabajo<\/a> en enero de este a\u00f1o, cuando se ingres\u00f3 al parlamento el proyecto de ley.<\/p>\n<p>La iniciativa era una de las distintas demandas que tuvo la Central Unitaria de Trabajadores (CUT) tuvo durante la anterior administraci\u00f3n.<\/p>\n<p>Eric Campos, secretario general de la CUT, dijo en junio del 2024 -cuando Boric anuni\u00f3 que presentar\u00edan la iniciativa- que se trata de una \u201clucha hist\u00f3rica\u201d y que \u201clas y los trabajadores chilenos vamos a recuperar nuestro poder de negociaci\u00f3n colectiva ramal\u201d.<\/p>\n","protected":false},"excerpt":{"rendered":"<p>El que buscaba ser otro de los proyectos ic\u00f3nicos de la administraci\u00f3n Boric, termin\u00f3 por ser retirado del Congreso. Se trata de la\u00a0negociaci\u00f3n colectiva multinivel,\u00a0tambi\u00e9n&hellip; <\/p>\n","protected":false},"author":7,"featured_media":99761,"comment_status":"closed","ping_status":"closed","sticky":false,"template":"","format":"standard","meta":{"footnotes":""},"categories":[37],"tags":[],"class_list":["post-99760","post","type-post","status-publish","format-standard","has-post-thumbnail","hentry","category-nacional"],"_links":{"self":[{"href":"https:\/\/www.radioamigavallenar.cl\/index.php?rest_route=\/wp\/v2\/posts\/99760","targetHints":{"allow":["GET"]}}],"collection":[{"href":"https:\/\/www.radioamigavallenar.cl\/index.php?rest_route=\/wp\/v2\/posts"}],"about":[{"href":"https:\/\/www.radioamigavallenar.cl\/index.php?rest_route=\/wp\/v2\/types\/post"}],"author":[{"embeddable":true,"href":"https:\/\/www.radioamigavallenar.cl\/index.php?rest_route=\/wp\/v2\/users\/7"}],"replies":[{"embeddable":true,"href":"https:\/\/www.radioamigavallenar.cl\/index.php?rest_route=%2Fwp%2Fv2%2Fcomments&post=99760"}],"version-history":[{"count":1,"href":"https:\/\/www.radioamigavallenar.cl\/index.php?rest_route=\/wp\/v2\/posts\/99760\/revisions"}],"predecessor-version":[{"id":99762,"href":"https:\/\/www.radioamigavallenar.cl\/index.php?rest_route=\/wp\/v2\/posts\/99760\/revisions\/99762"}],"wp:featuredmedia":[{"embeddable":true,"href":"https:\/\/www.radioamigavallenar.cl\/index.php?rest_route=\/wp\/v2\/media\/99761"}],"wp:attachment":[{"href":"https:\/\/www.radioamigavallenar.cl\/index.php?rest_route=%2Fwp%2Fv2%2Fmedia&parent=99760"}],"wp:term":[{"taxonomy":"category","embeddable":true,"href":"https:\/\/www.radioamigavallenar.cl\/index.php?rest_route=%2Fwp%2Fv2%2Fcategories&post=99760"},{"taxonomy":"post_tag","embeddable":true,"href":"https:\/\/www.radioamigavallenar.cl\/index.php?rest_route=%2Fwp%2Fv2%2Ftags&post=99760"}],"curies":[{"name":"wp","href":"https:\/\/api.w.org\/{rel}","templated":true}]}}