{"id":99757,"date":"2026-03-17T11:18:51","date_gmt":"2026-03-17T14:18:51","guid":{"rendered":"https:\/\/www.radioamigavallenar.cl\/?p=99757"},"modified":"2026-03-17T11:18:51","modified_gmt":"2026-03-17T14:18:51","slug":"corte-que-fallo-contra-proyecto-dominga-ahora-suspende-sentencia-y-deja-todo-en-manos-de-la-suprema","status":"publish","type":"post","link":"https:\/\/www.radioamigavallenar.cl\/?p=99757","title":{"rendered":"Corte que fall\u00f3 contra proyecto Dominga ahora suspende sentencia y deja todo en manos de la Suprema"},"content":{"rendered":"<p>En un giro in\u00e9dito en la larga historia judicial del proyecto Dominga, la Corte de Apelaciones de Antofagasta -la misma que\u00a0anul\u00f3 lo resuelto por el Primer Tribunal Ambiental en febrero\u2013 acogi\u00f3 a tr\u00e1mite el recurso de casaci\u00f3n presentado por el Sindicato de Trabajadores Independientes de Pescadores Artesanales de Totoralillo Norte, quienes se muestran a favor del proyecto minero-portuario.<\/p>\n<p>As\u00ed, se suspendi\u00f3 lo dictaminado previamente, lo que en la pr\u00e1ctica\u00a0<strong>restablece la vigencia de la RCA<\/strong>\u00a0de la pol\u00e9mica iniciativa en el norte del pa\u00eds.<\/p>\n<p>Y con ello,\u00a0<span class=\"destacador destacado\">se orden\u00f3 elevar el caso a la Corte Suprema para que\u00a0<strong>termine de pronunciarse sobre la sentencia emitida previamente<\/strong><\/span>\u00a0y que ahora es objeto de suspensi\u00f3n.<\/p>\n<p>Mediante un comunicado, el presidente del sindicato de pescadores, Ra\u00fal Julio, dijo que est\u00e1n \u201ccansados de la incertidumbre y la espera. Los tribunales ya establecieron que el proyecto cumple con la normativa ambiental. \u00a1Basta ya de politizar un proceso que lleva m\u00e1s de 12 a\u00f1os!\u201d.<\/p>\n<p>Con ello, exigen la aprobaci\u00f3n definitiva de la iniciativa de Andes Iron, el \u201cfin de la judicializaci\u00f3n y la burocracia innecesaria\u201d y \u201cel inicio de la construcci\u00f3n de Dominga para beneficio de nuestra comunidad\u201d.<\/p>\n<h2 style=\"text-align: center;\">El trayecto judicial sin fin de Dominga<\/h2>\n<p>La decisi\u00f3n de la Corte de Apelaciones de Antofagasta en febrero podr\u00eda haber sido parte del final de la historia de Dominga. Sin embargo, ni la empresa tras el proyecto ni grupos a favor del mismo han dejado morir a la hist\u00f3rica iniciativa, \u00edcono de la permisolog\u00eda, burocracia y reclamaciones ambientales en Chile.<\/p>\n<p>El mes pasado, de forma un\u00e1nime el tribunal anul\u00f3 la citada resoluci\u00f3n que obligaba a una nueva votaci\u00f3n de Dominga, dado que la Corte consider\u00f3 que \u201csu aplicaci\u00f3n resulta improcedente\u201d.<\/p>\n","protected":false},"excerpt":{"rendered":"<p>En un giro in\u00e9dito en la larga historia judicial del proyecto Dominga, la Corte de Apelaciones de Antofagasta -la misma que\u00a0anul\u00f3 lo resuelto por el&hellip; <\/p>\n","protected":false},"author":7,"featured_media":99758,"comment_status":"closed","ping_status":"closed","sticky":false,"template":"","format":"standard","meta":{"footnotes":""},"categories":[37],"tags":[],"class_list":["post-99757","post","type-post","status-publish","format-standard","has-post-thumbnail","hentry","category-nacional"],"_links":{"self":[{"href":"https:\/\/www.radioamigavallenar.cl\/index.php?rest_route=\/wp\/v2\/posts\/99757","targetHints":{"allow":["GET"]}}],"collection":[{"href":"https:\/\/www.radioamigavallenar.cl\/index.php?rest_route=\/wp\/v2\/posts"}],"about":[{"href":"https:\/\/www.radioamigavallenar.cl\/index.php?rest_route=\/wp\/v2\/types\/post"}],"author":[{"embeddable":true,"href":"https:\/\/www.radioamigavallenar.cl\/index.php?rest_route=\/wp\/v2\/users\/7"}],"replies":[{"embeddable":true,"href":"https:\/\/www.radioamigavallenar.cl\/index.php?rest_route=%2Fwp%2Fv2%2Fcomments&post=99757"}],"version-history":[{"count":1,"href":"https:\/\/www.radioamigavallenar.cl\/index.php?rest_route=\/wp\/v2\/posts\/99757\/revisions"}],"predecessor-version":[{"id":99759,"href":"https:\/\/www.radioamigavallenar.cl\/index.php?rest_route=\/wp\/v2\/posts\/99757\/revisions\/99759"}],"wp:featuredmedia":[{"embeddable":true,"href":"https:\/\/www.radioamigavallenar.cl\/index.php?rest_route=\/wp\/v2\/media\/99758"}],"wp:attachment":[{"href":"https:\/\/www.radioamigavallenar.cl\/index.php?rest_route=%2Fwp%2Fv2%2Fmedia&parent=99757"}],"wp:term":[{"taxonomy":"category","embeddable":true,"href":"https:\/\/www.radioamigavallenar.cl\/index.php?rest_route=%2Fwp%2Fv2%2Fcategories&post=99757"},{"taxonomy":"post_tag","embeddable":true,"href":"https:\/\/www.radioamigavallenar.cl\/index.php?rest_route=%2Fwp%2Fv2%2Ftags&post=99757"}],"curies":[{"name":"wp","href":"https:\/\/api.w.org\/{rel}","templated":true}]}}