{"id":99754,"date":"2026-03-17T09:53:07","date_gmt":"2026-03-17T12:53:07","guid":{"rendered":"https:\/\/www.radioamigavallenar.cl\/?p=99754"},"modified":"2026-03-17T09:53:07","modified_gmt":"2026-03-17T12:53:07","slug":"municipalidad-de-alto-del-carmen-informa-continuidad-de-recorridos-de-buses","status":"publish","type":"post","link":"https:\/\/www.radioamigavallenar.cl\/?p=99754","title":{"rendered":"Municipalidad de Alto del Carmen informa continuidad de recorridos de buses"},"content":{"rendered":"<p data-pm-slice=\"1 1 []\">La Municipalidad de Alto del Carmen inform\u00f3 a la comunidad que los recorridos de transporte comunicados durante los \u00faltimos d\u00edas se mantendr\u00e1n vigentes mientras se concreta el inicio del servicio de buses subvencionados para la comuna.<\/p>\n<p>Desde el municipio explicaron que los recorridos actualmente en funcionamiento corresponden a servicios de car\u00e1cter particular, por lo que no son gratuitos. Entre ellos se incluye el bus adicional de la empresa J y P, que realiza el trayecto entre Conay y Vallenar en ambos sentidos.<\/p>\n<p>Debido a que estos recorridos parten desde la localidad de Conay, el municipio dispuso un veh\u00edculo de acercamiento desde Juntas de Valeriano hacia ese sector, con el objetivo de apoyar a vecinos de localidades como El Corral y Malagu\u00edn, quienes se hab\u00edan quedado sin alternativas de transporte.<\/p>\n<p>Asimismo, el alcalde de la comuna ha mantenido coordinaciones permanentes con la Secretar\u00eda Regional Ministerial de Transportes para acelerar el inicio del servicio de buses subvencionados, proceso que ha presentado retrasos por motivos administrativos.<\/p>\n<p>En este contexto, antes del cambio de autoridades, se realizaron gestiones con el Subsecretario de Transportes para agilizar los tr\u00e1mites correspondientes. La empresa operadora ya present\u00f3 la documentaci\u00f3n ante la Seremi durante la semana pasada y actualmente se est\u00e1 a la espera de la autorizaci\u00f3n de la nueva autoridad regional para iniciar el servicio.<\/p>\n<p>Desde el municipio tambi\u00e9n recordaron que, como organismo p\u00fablico, la municipalidad no est\u00e1 legalmente facultada para contratar directamente un servicio de buses, ya que este debe ser financiado y gestionado por el organismo p\u00fablico correspondiente.<\/p>\n<p>Finalmente, la autoridad comunal se\u00f1al\u00f3 que durante los pr\u00f3ximos d\u00edas continuar\u00e1n las gestiones y coordinaciones con la delegada presidencial regional, Sof\u00eda Cid, con el objetivo de agilizar la puesta en marcha del transporte subvencionado para la comuna.<\/p>\n<p>La municipalidad agradeci\u00f3 la comprensi\u00f3n de la comunidad mientras se concreta la implementaci\u00f3n de este esperado servicio de transporte para los vecinos y vecinas del territorio.<\/p>\n","protected":false},"excerpt":{"rendered":"<p>La Municipalidad de Alto del Carmen inform\u00f3 a la comunidad que los recorridos de transporte comunicados durante los \u00faltimos d\u00edas se mantendr\u00e1n vigentes mientras se&hellip; <\/p>\n","protected":false},"author":7,"featured_media":99755,"comment_status":"closed","ping_status":"closed","sticky":false,"template":"","format":"standard","meta":{"footnotes":""},"categories":[7],"tags":[],"class_list":["post-99754","post","type-post","status-publish","format-standard","has-post-thumbnail","hentry","category-atacama"],"_links":{"self":[{"href":"https:\/\/www.radioamigavallenar.cl\/index.php?rest_route=\/wp\/v2\/posts\/99754","targetHints":{"allow":["GET"]}}],"collection":[{"href":"https:\/\/www.radioamigavallenar.cl\/index.php?rest_route=\/wp\/v2\/posts"}],"about":[{"href":"https:\/\/www.radioamigavallenar.cl\/index.php?rest_route=\/wp\/v2\/types\/post"}],"author":[{"embeddable":true,"href":"https:\/\/www.radioamigavallenar.cl\/index.php?rest_route=\/wp\/v2\/users\/7"}],"replies":[{"embeddable":true,"href":"https:\/\/www.radioamigavallenar.cl\/index.php?rest_route=%2Fwp%2Fv2%2Fcomments&post=99754"}],"version-history":[{"count":1,"href":"https:\/\/www.radioamigavallenar.cl\/index.php?rest_route=\/wp\/v2\/posts\/99754\/revisions"}],"predecessor-version":[{"id":99756,"href":"https:\/\/www.radioamigavallenar.cl\/index.php?rest_route=\/wp\/v2\/posts\/99754\/revisions\/99756"}],"wp:featuredmedia":[{"embeddable":true,"href":"https:\/\/www.radioamigavallenar.cl\/index.php?rest_route=\/wp\/v2\/media\/99755"}],"wp:attachment":[{"href":"https:\/\/www.radioamigavallenar.cl\/index.php?rest_route=%2Fwp%2Fv2%2Fmedia&parent=99754"}],"wp:term":[{"taxonomy":"category","embeddable":true,"href":"https:\/\/www.radioamigavallenar.cl\/index.php?rest_route=%2Fwp%2Fv2%2Fcategories&post=99754"},{"taxonomy":"post_tag","embeddable":true,"href":"https:\/\/www.radioamigavallenar.cl\/index.php?rest_route=%2Fwp%2Fv2%2Ftags&post=99754"}],"curies":[{"name":"wp","href":"https:\/\/api.w.org\/{rel}","templated":true}]}}