{"id":99751,"date":"2026-03-17T09:34:21","date_gmt":"2026-03-17T12:34:21","guid":{"rendered":"https:\/\/www.radioamigavallenar.cl\/?p=99751"},"modified":"2026-03-17T09:34:21","modified_gmt":"2026-03-17T12:34:21","slug":"colegio-de-profesores-advierte-que-recorte-en-educacion-podria-agravar-crisis","status":"publish","type":"post","link":"https:\/\/www.radioamigavallenar.cl\/?p=99751","title":{"rendered":"Colegio de Profesores advierte que recorte en Educaci\u00f3n podr\u00eda agravar crisis"},"content":{"rendered":"<p>El\u00a0<strong>Colegio de Profesores<\/strong>\u00a0manifest\u00f3 su preocupaci\u00f3n ante el anuncio del Gobierno de recortar 3% del presupuesto de todos los ministerios, incluido Educaci\u00f3n.<\/p>\n<p>Mario Aguilar, l\u00edderl del gremio docente, afirm\u00f3 que \u00abestamos bastante preocupados con los anuncios de recorte, porque\u00a0<strong>el impacto en educaci\u00f3n puede ser muy negativo<\/strong>. La Educaci\u00f3n es un \u00e1rea, a nuestro entender, deficitaria incluso con los presupuestos actuales\u00bb.<\/p>\n<p>\u00abEntonces, -a\u00f1adi\u00f3- si se est\u00e1 pensando en que los recortes podr\u00edan tocar la educaci\u00f3n, nos parece grav\u00edsimo, porque en los servicios locales de educaci\u00f3n o en los municipios\u00a0<strong>la realidad muestra graves d\u00e9ficit<\/strong>\u00ab.<\/p>\n<p>El l\u00edder gremial agreg\u00f3 \u00absi el ajuste se pretende hacer, por ejemplo, con lo que llaman ajuste de dotaci\u00f3n, \u00bfqu\u00e9 significa en la pr\u00e1ctica?\u00a0<strong>Nosotros no creemos que haya sobredotaci\u00f3n docente<\/strong>, porque cuando se habla sobre dotaci\u00f3n se est\u00e1 hablando de cursos de 45 estudiantes, hay muchos lugares donde esa es la realidad\u00bb.<\/p>\n<p>\u00abHay cursos que tienen, por ejemplo, diez alumnos con necesidades educativas especiales TEA y obviamente esos cursos no pueden ser de 45 estudiantes. Eso es antipedag\u00f3gico total y un da\u00f1o tanto a los estudiantes TEA como para el resto de los estudiantes\u00bb, a\u00f1adi\u00f3.<\/p>\n<p>El Colegio de Profesores confirm\u00f3 que se reunir\u00e1n con la ministra de Educaci\u00f3n,\u00a0<strong>Mar\u00eda Paz Arzola<\/strong>, para plantearle que un recorte como el planteado\u00a0<strong>\u00abpodr\u00eda tener un impacto muy muy negativo sobre una educaci\u00f3n muy aproblemada\u00bb<\/strong>.<\/p>\n<h2 style=\"text-align: center;\"><strong>Los c\u00e1lculos del Mineduc<\/strong><\/h2>\n<p>Tras asumir el cargo, la ministra Arzola indic\u00f3 que ten\u00edan claro que \u00abno \u00edbamos a tener holguras, o sea, recursos adicionales para poder implementar nuestro plan, y que\u00a0<strong>vamos a tener que probablemente reasignar desde otras cosas y revisar bien c\u00f3mo se est\u00e1n gastando los recursos<\/strong>\u00ab.<\/p>\n<p>En conversaci\u00f3n, Arzola indic\u00f3 que \u00abel presupuesto para las subvenciones escolares, o sea, el financiamiento del d\u00eda a d\u00eda de los colegios p\u00fablicos y particulares subvencionados, hoy d\u00eda est\u00e1 subestimado, y eso pasa porque\u00a0<strong>cuando se tramit\u00f3 la Ley de Presupuestos (de este a\u00f1o), se subestim\u00f3\u00bb<\/strong>.<\/p>\n<p>\u00abEntonces,\u00a0<strong>cuando uno habla de recortes, la realidad es que el presupuesto de educaci\u00f3n ya se recort\u00f3<\/strong>. Y no se recort\u00f3 desde programas mal evaluados, donde hab\u00eda espacios por mayor eficiencia. Se recortaron leyes permanentes. (&#8230;) No tenemos un c\u00e1lculo, el ministro Cataldo me dijo algo as\u00ed como 250 mil millones (de pesos), tenemos que verlo bien\u00bb, a\u00f1adi\u00f3.<\/p>\n","protected":false},"excerpt":{"rendered":"<p>El\u00a0Colegio de Profesores\u00a0manifest\u00f3 su preocupaci\u00f3n ante el anuncio del Gobierno de recortar 3% del presupuesto de todos los ministerios, incluido Educaci\u00f3n. Mario Aguilar, l\u00edderl del&hellip; <\/p>\n","protected":false},"author":7,"featured_media":99752,"comment_status":"closed","ping_status":"closed","sticky":false,"template":"","format":"standard","meta":{"footnotes":""},"categories":[37],"tags":[],"class_list":["post-99751","post","type-post","status-publish","format-standard","has-post-thumbnail","hentry","category-nacional"],"_links":{"self":[{"href":"https:\/\/www.radioamigavallenar.cl\/index.php?rest_route=\/wp\/v2\/posts\/99751","targetHints":{"allow":["GET"]}}],"collection":[{"href":"https:\/\/www.radioamigavallenar.cl\/index.php?rest_route=\/wp\/v2\/posts"}],"about":[{"href":"https:\/\/www.radioamigavallenar.cl\/index.php?rest_route=\/wp\/v2\/types\/post"}],"author":[{"embeddable":true,"href":"https:\/\/www.radioamigavallenar.cl\/index.php?rest_route=\/wp\/v2\/users\/7"}],"replies":[{"embeddable":true,"href":"https:\/\/www.radioamigavallenar.cl\/index.php?rest_route=%2Fwp%2Fv2%2Fcomments&post=99751"}],"version-history":[{"count":1,"href":"https:\/\/www.radioamigavallenar.cl\/index.php?rest_route=\/wp\/v2\/posts\/99751\/revisions"}],"predecessor-version":[{"id":99753,"href":"https:\/\/www.radioamigavallenar.cl\/index.php?rest_route=\/wp\/v2\/posts\/99751\/revisions\/99753"}],"wp:featuredmedia":[{"embeddable":true,"href":"https:\/\/www.radioamigavallenar.cl\/index.php?rest_route=\/wp\/v2\/media\/99752"}],"wp:attachment":[{"href":"https:\/\/www.radioamigavallenar.cl\/index.php?rest_route=%2Fwp%2Fv2%2Fmedia&parent=99751"}],"wp:term":[{"taxonomy":"category","embeddable":true,"href":"https:\/\/www.radioamigavallenar.cl\/index.php?rest_route=%2Fwp%2Fv2%2Fcategories&post=99751"},{"taxonomy":"post_tag","embeddable":true,"href":"https:\/\/www.radioamigavallenar.cl\/index.php?rest_route=%2Fwp%2Fv2%2Ftags&post=99751"}],"curies":[{"name":"wp","href":"https:\/\/api.w.org\/{rel}","templated":true}]}}