{"id":99748,"date":"2026-03-17T09:30:26","date_gmt":"2026-03-17T12:30:26","guid":{"rendered":"https:\/\/www.radioamigavallenar.cl\/?p=99748"},"modified":"2026-03-17T09:30:26","modified_gmt":"2026-03-17T12:30:26","slug":"municipio-realiza-fiscalizacion-y-educacion-sobre-tenencia-responsable-de-mascotas-en-freirina","status":"publish","type":"post","link":"https:\/\/www.radioamigavallenar.cl\/?p=99748","title":{"rendered":"Municipio realiza fiscalizaci\u00f3n y educaci\u00f3n sobre tenencia responsable de mascotas en Freirina"},"content":{"rendered":"<p data-pm-slice=\"1 1 []\">Con el objetivo de promover el cuidado responsable de animales de compa\u00f1\u00eda, la Oficina Veterinaria Municipal de Freirina, junto al equipo de Seguridad Ciudadana, realiz\u00f3 recientemente una salida a terreno en los sectores de Maitencillo y Vicu\u00f1a Mackenna Alto.<\/p>\n<p>La jornada tuvo un doble prop\u00f3sito: fiscalizar el cumplimiento de la normativa vigente y, al mismo tiempo, educar a vecinos y vecinas sobre la importancia de una tenencia responsable de mascotas, fomentando el respeto y bienestar de los animales.<\/p>\n<p>Durante el recorrido se record\u00f3 a la comunidad que en Chile rige la Ley 21.020, conocida como \u201cLey Cholito\u201d, la cual establece obligaciones claras para los due\u00f1os de mascotas, tales como:<\/p>\n<p><img decoding=\"async\" class=\"emoji\" role=\"img\" draggable=\"false\" src=\"https:\/\/s.w.org\/images\/core\/emoji\/16.0.1\/svg\/2714.svg\" alt=\"\u2714\" \/>\u00a0Registrar a las mascotas en el sistema oficial.<\/p>\n<p><img decoding=\"async\" class=\"emoji\" role=\"img\" draggable=\"false\" src=\"https:\/\/s.w.org\/images\/core\/emoji\/16.0.1\/svg\/2714.svg\" alt=\"\u2714\" \/>\u00a0Identificarlas mediante microchip.<\/p>\n<p><img decoding=\"async\" class=\"emoji\" role=\"img\" draggable=\"false\" src=\"https:\/\/s.w.org\/images\/core\/emoji\/16.0.1\/svg\/2714.svg\" alt=\"\u2714\" \/>\u00a0Garantizar su bienestar y buen trato.<\/p>\n<p><img decoding=\"async\" class=\"emoji\" role=\"img\" draggable=\"false\" src=\"https:\/\/s.w.org\/images\/core\/emoji\/16.0.1\/svg\/2714.svg\" alt=\"\u2714\" \/>\u00a0Evitar el abandono y el maltrato animal<\/p>\n<p>El incumplimiento de esta normativa puede derivar en sanciones penales y multas, por lo que se hizo un llamado a la comunidad a informarse y asumir un compromiso activo con el cuidado de sus animales.<\/p>\n<p>Una comunidad responsable tambi\u00e9n se construye cuidando a quienes no tienen voz.<\/p>\n","protected":false},"excerpt":{"rendered":"<p>Con el objetivo de promover el cuidado responsable de animales de compa\u00f1\u00eda, la Oficina Veterinaria Municipal de Freirina, junto al equipo de Seguridad Ciudadana, realiz\u00f3&hellip; <\/p>\n","protected":false},"author":7,"featured_media":99749,"comment_status":"closed","ping_status":"closed","sticky":false,"template":"","format":"standard","meta":{"footnotes":""},"categories":[38],"tags":[],"class_list":["post-99748","post","type-post","status-publish","format-standard","has-post-thumbnail","hentry","category-portada-regional"],"_links":{"self":[{"href":"https:\/\/www.radioamigavallenar.cl\/index.php?rest_route=\/wp\/v2\/posts\/99748","targetHints":{"allow":["GET"]}}],"collection":[{"href":"https:\/\/www.radioamigavallenar.cl\/index.php?rest_route=\/wp\/v2\/posts"}],"about":[{"href":"https:\/\/www.radioamigavallenar.cl\/index.php?rest_route=\/wp\/v2\/types\/post"}],"author":[{"embeddable":true,"href":"https:\/\/www.radioamigavallenar.cl\/index.php?rest_route=\/wp\/v2\/users\/7"}],"replies":[{"embeddable":true,"href":"https:\/\/www.radioamigavallenar.cl\/index.php?rest_route=%2Fwp%2Fv2%2Fcomments&post=99748"}],"version-history":[{"count":1,"href":"https:\/\/www.radioamigavallenar.cl\/index.php?rest_route=\/wp\/v2\/posts\/99748\/revisions"}],"predecessor-version":[{"id":99750,"href":"https:\/\/www.radioamigavallenar.cl\/index.php?rest_route=\/wp\/v2\/posts\/99748\/revisions\/99750"}],"wp:featuredmedia":[{"embeddable":true,"href":"https:\/\/www.radioamigavallenar.cl\/index.php?rest_route=\/wp\/v2\/media\/99749"}],"wp:attachment":[{"href":"https:\/\/www.radioamigavallenar.cl\/index.php?rest_route=%2Fwp%2Fv2%2Fmedia&parent=99748"}],"wp:term":[{"taxonomy":"category","embeddable":true,"href":"https:\/\/www.radioamigavallenar.cl\/index.php?rest_route=%2Fwp%2Fv2%2Fcategories&post=99748"},{"taxonomy":"post_tag","embeddable":true,"href":"https:\/\/www.radioamigavallenar.cl\/index.php?rest_route=%2Fwp%2Fv2%2Ftags&post=99748"}],"curies":[{"name":"wp","href":"https:\/\/api.w.org\/{rel}","templated":true}]}}