{"id":99742,"date":"2026-03-17T09:27:29","date_gmt":"2026-03-17T12:27:29","guid":{"rendered":"https:\/\/www.radioamigavallenar.cl\/?p=99742"},"modified":"2026-03-17T09:27:29","modified_gmt":"2026-03-17T12:27:29","slug":"delegado-presidencial-del-huasco-recibe-saludos-protocolares-de-carabineros-y-la-pdi","status":"publish","type":"post","link":"https:\/\/www.radioamigavallenar.cl\/?p=99742","title":{"rendered":"Delegado Presidencial del Huasco recibe saludos protocolares de Carabineros y la PDI"},"content":{"rendered":"<p data-pm-slice=\"1 1 []\">Destacando la importancia del trabajo coordinado con las polic\u00edas en materias de seguridad p\u00fablica y bienestar de la poblaci\u00f3n, el Delegado Presidencial Provincial del Huasco, Juan Donoso Gallardo, recibi\u00f3 durante la ma\u00f1ana de este lunes los saludos protocolares de representantes de Carabineros de Chile y de la Polic\u00eda de Investigaciones de Chile en la provincia.<\/p>\n<p>La autoridad provincial, designada por el gobierno del presidente Jos\u00e9 Antonio Kast, sostuvo un primer encuentro con la delegaci\u00f3n de Carabineros encabezada por el mayor comisario de la instituci\u00f3n en la zona, Leonardo Oyarzun, acompa\u00f1ado por oficiales y suboficiales pertenecientes a los distintos destacamentos desplegados en el territorio provincial.<\/p>\n<p>Posteriormente, el Delegado Presidencial recibi\u00f3 la visita del jefe provincial de la Polic\u00eda de Investigaciones, el subprefecto Carlos Salinas, instancia en la que se abordaron diversos temas vinculados al trabajo policial y la coordinaci\u00f3n interinstitucional.<\/p>\n<p>Durante ambas reuniones se expuso el despliegue operativo que desarrollan las polic\u00edas en la provincia del Huasco, adem\u00e1s de analizar los principales desaf\u00edos en materia de seguridad p\u00fablica. Asimismo, se destac\u00f3 la relevancia de fortalecer el trabajo conjunto entre el Gobierno, las polic\u00edas, los municipios, los organismos vinculados a la seguridad y la comunidad organizada.<\/p>\n<p>El Delegado Presidencial reiter\u00f3 que la coordinaci\u00f3n permanente entre las instituciones es fundamental para avanzar en estrategias que permitan mejorar la seguridad y la calidad de vida de los habitantes de la provincia.<\/p>\n","protected":false},"excerpt":{"rendered":"<p>Destacando la importancia del trabajo coordinado con las polic\u00edas en materias de seguridad p\u00fablica y bienestar de la poblaci\u00f3n, el Delegado Presidencial Provincial del Huasco,&hellip; <\/p>\n","protected":false},"author":7,"featured_media":99743,"comment_status":"closed","ping_status":"closed","sticky":false,"template":"","format":"standard","meta":{"footnotes":""},"categories":[38],"tags":[],"class_list":["post-99742","post","type-post","status-publish","format-standard","has-post-thumbnail","hentry","category-portada-regional"],"_links":{"self":[{"href":"https:\/\/www.radioamigavallenar.cl\/index.php?rest_route=\/wp\/v2\/posts\/99742","targetHints":{"allow":["GET"]}}],"collection":[{"href":"https:\/\/www.radioamigavallenar.cl\/index.php?rest_route=\/wp\/v2\/posts"}],"about":[{"href":"https:\/\/www.radioamigavallenar.cl\/index.php?rest_route=\/wp\/v2\/types\/post"}],"author":[{"embeddable":true,"href":"https:\/\/www.radioamigavallenar.cl\/index.php?rest_route=\/wp\/v2\/users\/7"}],"replies":[{"embeddable":true,"href":"https:\/\/www.radioamigavallenar.cl\/index.php?rest_route=%2Fwp%2Fv2%2Fcomments&post=99742"}],"version-history":[{"count":1,"href":"https:\/\/www.radioamigavallenar.cl\/index.php?rest_route=\/wp\/v2\/posts\/99742\/revisions"}],"predecessor-version":[{"id":99744,"href":"https:\/\/www.radioamigavallenar.cl\/index.php?rest_route=\/wp\/v2\/posts\/99742\/revisions\/99744"}],"wp:featuredmedia":[{"embeddable":true,"href":"https:\/\/www.radioamigavallenar.cl\/index.php?rest_route=\/wp\/v2\/media\/99743"}],"wp:attachment":[{"href":"https:\/\/www.radioamigavallenar.cl\/index.php?rest_route=%2Fwp%2Fv2%2Fmedia&parent=99742"}],"wp:term":[{"taxonomy":"category","embeddable":true,"href":"https:\/\/www.radioamigavallenar.cl\/index.php?rest_route=%2Fwp%2Fv2%2Fcategories&post=99742"},{"taxonomy":"post_tag","embeddable":true,"href":"https:\/\/www.radioamigavallenar.cl\/index.php?rest_route=%2Fwp%2Fv2%2Ftags&post=99742"}],"curies":[{"name":"wp","href":"https:\/\/api.w.org\/{rel}","templated":true}]}}