{"id":99738,"date":"2026-03-17T00:01:20","date_gmt":"2026-03-17T03:01:20","guid":{"rendered":"https:\/\/www.radioamigavallenar.cl\/?p=99738"},"modified":"2026-03-16T23:52:18","modified_gmt":"2026-03-17T02:52:18","slug":"mulet-critica-indulto-a-uniformados-condenados-por-estallido-social-son-sentencias-validas-e-incuestionables","status":"publish","type":"post","link":"https:\/\/www.radioamigavallenar.cl\/?p=99738","title":{"rendered":"Mulet critica indulto a uniformados condenados por estallido social: \u201cSon sentencias v\u00e1lidas e incuestionables\u201d"},"content":{"rendered":"<p>El diputado Jaime Mulet (Federaci\u00f3n Regionalista Verde Social) critic\u00f3 la iniciativa del nuevo Gobierno que buscar\u00eda indultar a carabineros y militares condenados por delitos en el contexto del estallido social, asegurando que se trata de \u201cuna mala noticia\u201d y que contradice la intenci\u00f3n de reducir la delincuencia, tal como expres\u00f3 el Presidente Jos\u00e9 Antonio Kast durante su campa\u00f1a. Si bien el regionalista reconoce la facultad exclusiva del mandatario, expuso que las condenas han sido dictadas \u201cpor tribunales ordinarios, en ambiente de democracia (\u2026) De manera que son sentencias absolutamente v\u00e1lidas e incuestionables\u201d.<\/p>\n<p>Respecto a la idea de los posibles indultos, Mulet declar\u00f3 que \u201centiendo que esta es una facultad del Presidente de la Rep\u00fablica, tal como la us\u00f3 el Presidente Boric. Creo que no es id\u00f3neo en un contexto donde el principal eje de campa\u00f1a del Presidente Kast fue precisamente el tema de disminuir la delincuencia\u201d.<\/p>\n<p>Asimismo, se\u00f1al\u00f3 que \u201cen Chile las personas que est\u00e1n condenadas han sido condenadas por tribunales ordinarios, en ambiente de democracia, y que cumplen todos los est\u00e1ndares de idoneidad, constitucional y pol\u00edtica. De manera que son sentencias absolutamente v\u00e1lidas e incuestionables. Por lo que creo que no procede ese indulto\u201d.<\/p>\n<p>De igual forma, precis\u00f3 que \u201ccomprendo que la facultad es del Presidente de la Rep\u00fablica, pero creo que debe tener mucho cuidado al usarla\u201d.<\/p>\n<p>En ese sentido, advirti\u00f3 que \u201cva a generar las mismas reacciones que hizo la derecha cuando Boric indult\u00f3 a un conjunto de personas civiles que fueron condenados por hechos a prop\u00f3sito del llamado estallido social\u201d.<\/p>\n<p>En conclusi\u00f3n, y considerando todo lo expuesto, el diputado sostuvo que una decisi\u00f3n de este tipo \u201ccreo que es una mala noticia\u201d.<\/p>\n","protected":false},"excerpt":{"rendered":"<p>El diputado Jaime Mulet (Federaci\u00f3n Regionalista Verde Social) critic\u00f3 la iniciativa del nuevo Gobierno que buscar\u00eda indultar a carabineros y militares condenados por delitos en&hellip; <\/p>\n","protected":false},"author":7,"featured_media":99739,"comment_status":"closed","ping_status":"closed","sticky":false,"template":"","format":"standard","meta":{"footnotes":""},"categories":[38],"tags":[],"class_list":["post-99738","post","type-post","status-publish","format-standard","has-post-thumbnail","hentry","category-portada-regional"],"_links":{"self":[{"href":"https:\/\/www.radioamigavallenar.cl\/index.php?rest_route=\/wp\/v2\/posts\/99738","targetHints":{"allow":["GET"]}}],"collection":[{"href":"https:\/\/www.radioamigavallenar.cl\/index.php?rest_route=\/wp\/v2\/posts"}],"about":[{"href":"https:\/\/www.radioamigavallenar.cl\/index.php?rest_route=\/wp\/v2\/types\/post"}],"author":[{"embeddable":true,"href":"https:\/\/www.radioamigavallenar.cl\/index.php?rest_route=\/wp\/v2\/users\/7"}],"replies":[{"embeddable":true,"href":"https:\/\/www.radioamigavallenar.cl\/index.php?rest_route=%2Fwp%2Fv2%2Fcomments&post=99738"}],"version-history":[{"count":1,"href":"https:\/\/www.radioamigavallenar.cl\/index.php?rest_route=\/wp\/v2\/posts\/99738\/revisions"}],"predecessor-version":[{"id":99740,"href":"https:\/\/www.radioamigavallenar.cl\/index.php?rest_route=\/wp\/v2\/posts\/99738\/revisions\/99740"}],"wp:featuredmedia":[{"embeddable":true,"href":"https:\/\/www.radioamigavallenar.cl\/index.php?rest_route=\/wp\/v2\/media\/99739"}],"wp:attachment":[{"href":"https:\/\/www.radioamigavallenar.cl\/index.php?rest_route=%2Fwp%2Fv2%2Fmedia&parent=99738"}],"wp:term":[{"taxonomy":"category","embeddable":true,"href":"https:\/\/www.radioamigavallenar.cl\/index.php?rest_route=%2Fwp%2Fv2%2Fcategories&post=99738"},{"taxonomy":"post_tag","embeddable":true,"href":"https:\/\/www.radioamigavallenar.cl\/index.php?rest_route=%2Fwp%2Fv2%2Ftags&post=99738"}],"curies":[{"name":"wp","href":"https:\/\/api.w.org\/{rel}","templated":true}]}}