{"id":99735,"date":"2026-03-17T00:02:50","date_gmt":"2026-03-17T03:02:50","guid":{"rendered":"https:\/\/www.radioamigavallenar.cl\/?p=99735"},"modified":"2026-03-16T23:49:07","modified_gmt":"2026-03-17T02:49:07","slug":"senadora-yasna-provoste-insinua-que-gobierno-hara-desaparecer-el-mepco-traspasando-costos-a-familias","status":"publish","type":"post","link":"https:\/\/www.radioamigavallenar.cl\/?p=99735","title":{"rendered":"Senadora Yasna Provoste insin\u00faa que Gobierno har\u00e1 desaparecer el MEPCO traspasando costos a familias"},"content":{"rendered":"<p>Tras participar en la reuni\u00f3n en La Moneda con los ministros de la Secretar\u00eda General de la Presidencia,\u00a0<strong>Mara Sedini<\/strong>, y de Hacienda,\u00a0<strong>Jorge Quiroz<\/strong>, la senadora DC\u00a0<strong>Yasna Provoste<\/strong>\u00a0insinu\u00f3 que la administraci\u00f3n actual no estar\u00eda en condiciones de mantener el MEPCO (Mecanismo de Estabilizaci\u00f3n de Precios de los Combustibles), medida que durante d\u00e9cadas ha blindado a el bolsillo de los ciudadanos frente a las alzas del combustible producto de las crisis externas.<\/p>\n<p>\u201cNo es la primera vez que Chile enfrenta una crisis internacional. Chile no es productor de petr\u00f3leo y, por lo tanto, siempre que ocurren situaciones como estas, lo que vemos es un impacto en la vida de las personas. Para eso hemos creado un\u00a0<strong>mecanismo para estabilizar el precio de los combustibles de manera que estas crisis no se traspasen al bolsillo de la familia<\/strong>\u201c, afirm\u00f3 la legisladora.<\/p>\n<p>La senadora explic\u00f3 que la convocatoria ten\u00eda por objetivo recibir el anuncio oficial del Ejecutivo respecto al env\u00edo de un proyecto de ley con discusi\u00f3n inmediata. Sin embargo, lo que escucharon de parte de las autoridades fue una se\u00f1al opuesta a la tradici\u00f3n de los gobiernos anteriores.<\/p>\n<p>\u201cLo que hoy estamos viendo, y para lo que hemos sido convocados, es porque el gobierno nos ha anunciado que va a mandar hoy martes un proyecto con discusi\u00f3n inmediata para que frente a esta crisis internacional respecto de una guerra de la cual nosotros no somos parte, los impactos los tenga que enfrentar cada una de las familias de los chilenos y chilenas por s\u00ed mismo\u201d, adelant\u00f3.<\/p>\n<h2 style=\"text-align: center;\">Cr\u00edticas a decisi\u00f3n del Ejecutivo por MEPCO<\/h2>\n<p>Provoste contrast\u00f3 la postura actual con la adoptada por administraciones previas, incluyendo la del expresidente\u00a0<strong>Sebasti\u00e1n Pi\u00f1era<\/strong>, donde a pesar de las diferencias pol\u00edticas se inyectaron recursos para proteger la econom\u00eda familiar frente a las alzas internacionales.<\/p>\n<p>\u201c<strong>No va a haber un apoyo como ha existido durante todos estos a\u00f1os<\/strong>, y lo digo con gobiernos de distintos sellos, porque tambi\u00e9n en el gobierno del expresidente Sebasti\u00e1n Pi\u00f1era se inyectaron mayores recursos para darle garant\u00edas a las chilenas y chilenos\u201d, record\u00f3 la Senadora.<\/p>\n<p>Si bien la parlamentaria reconoci\u00f3 que el ministro de Hacienda mencion\u00f3 un enfoque especial para estabilizar el precio de la parafina, la medida no es suficiente frente a la magnitud del alza general.<\/p>\n<p>\u201cA nosotros nos llama profundamente la atenci\u00f3n en que aqu\u00ed, frente a una crisis internacional, este gobierno no dude un minuto en que los impactos de esto lo paguen las familias con un mayor alza en el precio de los combustibles\u201d, enfatiz\u00f3 la legisladora DC.<\/p>\n<p>Consultada directamente sobre el futuro del MEPCO, la senadora fue categ\u00f3rica al se\u00f1alar que la se\u00f1al del gobierno es que las familias deber\u00e1n asumir por s\u00ed solas el incremento, rompiendo con una pol\u00edtica de Estado aplicada por d\u00e9cadas.<\/p>\n<h2 style=\"text-align: center;\">MEPCO: el mecanismo que podr\u00eda desaparecer<\/h2>\n<p>El MEPCO se cre\u00f3 en 2014 con el objetivo de tener un instrumento tributario que hiciera las alzas de precio de los combustibles m\u00e1s estables y controladas. En enero de 2023 entr\u00f3 en vigor la Nueva Ley MEPCO, a trav\u00e9s de la cual el ajuste de precios de los combustibles se realiza cada tres semanas.<\/p>\n<blockquote><p><strong>\u201cLo que ha se\u00f1alado el gobierno es que ellos no est\u00e1n en condiciones de mantener la estabilizaci\u00f3n del precio de combustible como lo hemos hecho tradicionalmente hace ya largas d\u00e9cadas en nuestro pa\u00eds\u201d, explic\u00f3 Provoste ante la consulta de la prensa.<\/strong><\/p><\/blockquote>\n<p>La legisladora insisti\u00f3 en que, independientemente de los gobiernos, la f\u00f3rmula aplicada hist\u00f3ricamente ha sido la estabilizaci\u00f3n para evitar que el alza recaiga sobre los ciudadanos, algo que hoy ven en riesgo.<\/p>\n<p>\u201cLo que hoy nosotros hemos escuchado, y por cierto nosotros no podemos acompa\u00f1ar, es que este gobierno le traspase esta alza de una guerra a las propias familias en nuestro pa\u00eds con las alzas en los precios de las bencinas y el petr\u00f3leo\u201d, sentenci\u00f3 la parlamentaria.<\/p>\n","protected":false},"excerpt":{"rendered":"<p>Tras participar en la reuni\u00f3n en La Moneda con los ministros de la Secretar\u00eda General de la Presidencia,\u00a0Mara Sedini, y de Hacienda,\u00a0Jorge Quiroz, la senadora&hellip; <\/p>\n","protected":false},"author":7,"featured_media":99736,"comment_status":"closed","ping_status":"closed","sticky":false,"template":"","format":"standard","meta":{"footnotes":""},"categories":[7],"tags":[],"class_list":["post-99735","post","type-post","status-publish","format-standard","has-post-thumbnail","hentry","category-atacama"],"_links":{"self":[{"href":"https:\/\/www.radioamigavallenar.cl\/index.php?rest_route=\/wp\/v2\/posts\/99735","targetHints":{"allow":["GET"]}}],"collection":[{"href":"https:\/\/www.radioamigavallenar.cl\/index.php?rest_route=\/wp\/v2\/posts"}],"about":[{"href":"https:\/\/www.radioamigavallenar.cl\/index.php?rest_route=\/wp\/v2\/types\/post"}],"author":[{"embeddable":true,"href":"https:\/\/www.radioamigavallenar.cl\/index.php?rest_route=\/wp\/v2\/users\/7"}],"replies":[{"embeddable":true,"href":"https:\/\/www.radioamigavallenar.cl\/index.php?rest_route=%2Fwp%2Fv2%2Fcomments&post=99735"}],"version-history":[{"count":1,"href":"https:\/\/www.radioamigavallenar.cl\/index.php?rest_route=\/wp\/v2\/posts\/99735\/revisions"}],"predecessor-version":[{"id":99737,"href":"https:\/\/www.radioamigavallenar.cl\/index.php?rest_route=\/wp\/v2\/posts\/99735\/revisions\/99737"}],"wp:featuredmedia":[{"embeddable":true,"href":"https:\/\/www.radioamigavallenar.cl\/index.php?rest_route=\/wp\/v2\/media\/99736"}],"wp:attachment":[{"href":"https:\/\/www.radioamigavallenar.cl\/index.php?rest_route=%2Fwp%2Fv2%2Fmedia&parent=99735"}],"wp:term":[{"taxonomy":"category","embeddable":true,"href":"https:\/\/www.radioamigavallenar.cl\/index.php?rest_route=%2Fwp%2Fv2%2Fcategories&post=99735"},{"taxonomy":"post_tag","embeddable":true,"href":"https:\/\/www.radioamigavallenar.cl\/index.php?rest_route=%2Fwp%2Fv2%2Ftags&post=99735"}],"curies":[{"name":"wp","href":"https:\/\/api.w.org\/{rel}","templated":true}]}}