{"id":99732,"date":"2026-03-17T00:02:38","date_gmt":"2026-03-17T03:02:38","guid":{"rendered":"https:\/\/www.radioamigavallenar.cl\/?p=99732"},"modified":"2026-03-16T22:09:48","modified_gmt":"2026-03-17T01:09:48","slug":"28-establecimientos-del-slep-huasco-obtienen-excelencia-academica-por-el-periodo-2026-2027","status":"publish","type":"post","link":"https:\/\/www.radioamigavallenar.cl\/?p=99732","title":{"rendered":"28 establecimientos del SLEP Huasco obtienen Excelencia Acad\u00e9mica por el periodo 2026-2027"},"content":{"rendered":"<p>Una gran noticia recibieron las comunidades educativas pertenecientes al Servicio Local de Educaci\u00f3n P\u00fablica -SLEP- Huasco, al obtener por parte del Ministerio de Educaci\u00f3n, la Excelencia Acad\u00e9mica 2026-2027, que se obtiene a trav\u00e9s del Sistema Nacional de Evaluaci\u00f3n de Desempe\u00f1o -SNED- por lograr altos est\u00e1ndares en la gesti\u00f3n educacional.<\/p>\n<p>Este reconocimiento pone en valor el trabajo de toda la comunidad escolar. M\u00e1s all\u00e1 de las notas, considera aspectos como la superaci\u00f3n, la iniciativa, la equidad de oportunidades, las condiciones laborales y la participaci\u00f3n de familias y comunidad educativa en general.<\/p>\n<p>Javier Obanos Sandoval, director ejecutivo del SLEP Huasco, mencion\u00f3 que \u201cpasamos de 19 establecimientos con excelencia acad\u00e9mica a 28, y eso es una tremenda noticia para nuestro Servicio Local y obviamente para el territorio en materia de educaci\u00f3n p\u00fablica. Estamos contentos, porque la excelencia acad\u00e9mica en primer lugar, no solamente se hace cargo de los resultados del SIMCE que tiene un impacto importante en la ponderaci\u00f3n, sino que tambi\u00e9n hay otros factores que influyen y hablan particularmente de la gesti\u00f3n del establecimiento en particular\u201d.<\/p>\n<p style=\"text-align: center;\"><strong>ESTABLECIMIENTOS RECONOCIDOS<\/strong><\/p>\n<p>Del total de establecimientos p\u00fablicos reconocidos a nivel regional, un 68% corresponden al SLEP Huasco, entre ellos se encuentran en la comuna de Vallenar, el Liceo Instituto T\u00e9cnico de Servicios Profesionales (ITSEP), el Liceo Bicentenario, el Liceo Pedro Troncoso Machuca, la Escuela Hermanos Carrera, la Escuela Gabriela Mistral, la Escuela Gregorio Castillo Mar\u00edn, la Escuela Rep\u00fablica de los Estados Unidos, la Escuela de Educaci\u00f3n Diferencial Luis Iriarte, la Escuela Arturo P\u00e9rez Canto, la Escuela Luis Cruz Mart\u00ednez, la Escuela Jos\u00e9 Caroca Laflor, la Escuela Roberto Cuadra Alquinta, la Escuela Gualberto Kong Fern\u00e1ndez, la Escuela Justino Leiva Amor, la Escuela Sara Bembow Villegas, la Escuela B\u00e1sica Capit\u00e1n Rafael Torreblanca y la Escuela Edmundo Quezada Araya.<\/p>\n<p>Por su parte, en la comuna de Freirina fueron distinguidas por su Excelencia Acad\u00e9mica la Escuela Alejandro Noem\u00ed Huerta, la Escuela Fortunato Soza Rodr\u00edguez, la Escuela Samuel Castillo L\u00f3pez, la Escuela Virginia San Rom\u00e1n y el Liceo General Ram\u00f3n Freire.<\/p>\n<p>Asimismo, tambi\u00e9n fueron reconocidas diversas comunidades educativas de sectores rurales, entre ellas la Escuela Educador Arturo Alvear Ramos, la Escuela de La Pampa, la Escuela Gabriela Mistral de Alto del Carmen, la Escuela de Las Breas, la Escuela de Chiguinto y la Escuela Fronteriza de San F\u00e9lix, en la comuna de Alto del Carmen.<\/p>\n<p>\u201cEstamos felices. Agradezco profundamente y valoro el trabajo que est\u00e1n haciendo las escuelas y los liceos, porque obtener este reconocimiento habla muy bien del liderazgo directivo y de los equipos de los establecimientos. As\u00ed que estamos felices; para todos ellos, nuestro reconocimiento\u201d, asever\u00f3 el director ejecutivo.<\/p>\n","protected":false},"excerpt":{"rendered":"<p>Una gran noticia recibieron las comunidades educativas pertenecientes al Servicio Local de Educaci\u00f3n P\u00fablica -SLEP- Huasco, al obtener por parte del Ministerio de Educaci\u00f3n, la&hellip; <\/p>\n","protected":false},"author":7,"featured_media":99733,"comment_status":"closed","ping_status":"closed","sticky":false,"template":"","format":"standard","meta":{"footnotes":""},"categories":[7],"tags":[],"class_list":["post-99732","post","type-post","status-publish","format-standard","has-post-thumbnail","hentry","category-atacama"],"_links":{"self":[{"href":"https:\/\/www.radioamigavallenar.cl\/index.php?rest_route=\/wp\/v2\/posts\/99732","targetHints":{"allow":["GET"]}}],"collection":[{"href":"https:\/\/www.radioamigavallenar.cl\/index.php?rest_route=\/wp\/v2\/posts"}],"about":[{"href":"https:\/\/www.radioamigavallenar.cl\/index.php?rest_route=\/wp\/v2\/types\/post"}],"author":[{"embeddable":true,"href":"https:\/\/www.radioamigavallenar.cl\/index.php?rest_route=\/wp\/v2\/users\/7"}],"replies":[{"embeddable":true,"href":"https:\/\/www.radioamigavallenar.cl\/index.php?rest_route=%2Fwp%2Fv2%2Fcomments&post=99732"}],"version-history":[{"count":1,"href":"https:\/\/www.radioamigavallenar.cl\/index.php?rest_route=\/wp\/v2\/posts\/99732\/revisions"}],"predecessor-version":[{"id":99734,"href":"https:\/\/www.radioamigavallenar.cl\/index.php?rest_route=\/wp\/v2\/posts\/99732\/revisions\/99734"}],"wp:featuredmedia":[{"embeddable":true,"href":"https:\/\/www.radioamigavallenar.cl\/index.php?rest_route=\/wp\/v2\/media\/99733"}],"wp:attachment":[{"href":"https:\/\/www.radioamigavallenar.cl\/index.php?rest_route=%2Fwp%2Fv2%2Fmedia&parent=99732"}],"wp:term":[{"taxonomy":"category","embeddable":true,"href":"https:\/\/www.radioamigavallenar.cl\/index.php?rest_route=%2Fwp%2Fv2%2Fcategories&post=99732"},{"taxonomy":"post_tag","embeddable":true,"href":"https:\/\/www.radioamigavallenar.cl\/index.php?rest_route=%2Fwp%2Fv2%2Ftags&post=99732"}],"curies":[{"name":"wp","href":"https:\/\/api.w.org\/{rel}","templated":true}]}}