{"id":99729,"date":"2026-03-17T00:01:41","date_gmt":"2026-03-17T03:01:41","guid":{"rendered":"https:\/\/www.radioamigavallenar.cl\/?p=99729"},"modified":"2026-03-16T22:06:41","modified_gmt":"2026-03-17T01:06:41","slug":"escuela-jose-carocca-laflor-de-vallenar-recibe-reconocimiento-por-resultados-en-el-simce-2025","status":"publish","type":"post","link":"https:\/\/www.radioamigavallenar.cl\/?p=99729","title":{"rendered":"Escuela Jos\u00e9 Carocca Laflor de Vallenar recibe reconocimiento por resultados en el SIMCE 2025"},"content":{"rendered":"<p data-pm-slice=\"1 1 []\">La Escuela Jos\u00e9 Carocca Laflor de Vallenar fue parte del recorrido que realiza el director ejecutivo del Servicio Local de Educaci\u00f3n P\u00fablica (SLEP) Huasco, Javier Obanos, para reconocer a las comunidades educativas que obtuvieron positivos resultados en el SIMCE 2025.<\/p>\n<p>En la oportunidad, el director ejecutivo comparti\u00f3 con el curso que rindi\u00f3 esta evaluaci\u00f3n, instancia en la que convers\u00f3 con las y los estudiantes y les entreg\u00f3 un reconocimiento por su esfuerzo y desempe\u00f1o acad\u00e9mico.<\/p>\n<p>La visita tambi\u00e9n contempl\u00f3 un espacio de di\u00e1logo con el equipo directivo, docentes y asistentes de la educaci\u00f3n del establecimiento, donde se destac\u00f3 el trabajo colaborativo que ha permitido fortalecer los aprendizajes y el desarrollo integral de las y los estudiantes.<\/p>\n<p>Desde el SLEP Huasco valoraron el compromiso de la comunidad educativa, resaltando que los buenos resultados reflejan el esfuerzo conjunto de estudiantes, profesores, asistentes de la educaci\u00f3n y familias en favor de una educaci\u00f3n p\u00fablica de calidad.<\/p>\n","protected":false},"excerpt":{"rendered":"<p>La Escuela Jos\u00e9 Carocca Laflor de Vallenar fue parte del recorrido que realiza el director ejecutivo del Servicio Local de Educaci\u00f3n P\u00fablica (SLEP) Huasco, Javier&hellip; <\/p>\n","protected":false},"author":7,"featured_media":99730,"comment_status":"closed","ping_status":"closed","sticky":false,"template":"","format":"standard","meta":{"footnotes":""},"categories":[7],"tags":[],"class_list":["post-99729","post","type-post","status-publish","format-standard","has-post-thumbnail","hentry","category-atacama"],"_links":{"self":[{"href":"https:\/\/www.radioamigavallenar.cl\/index.php?rest_route=\/wp\/v2\/posts\/99729","targetHints":{"allow":["GET"]}}],"collection":[{"href":"https:\/\/www.radioamigavallenar.cl\/index.php?rest_route=\/wp\/v2\/posts"}],"about":[{"href":"https:\/\/www.radioamigavallenar.cl\/index.php?rest_route=\/wp\/v2\/types\/post"}],"author":[{"embeddable":true,"href":"https:\/\/www.radioamigavallenar.cl\/index.php?rest_route=\/wp\/v2\/users\/7"}],"replies":[{"embeddable":true,"href":"https:\/\/www.radioamigavallenar.cl\/index.php?rest_route=%2Fwp%2Fv2%2Fcomments&post=99729"}],"version-history":[{"count":1,"href":"https:\/\/www.radioamigavallenar.cl\/index.php?rest_route=\/wp\/v2\/posts\/99729\/revisions"}],"predecessor-version":[{"id":99731,"href":"https:\/\/www.radioamigavallenar.cl\/index.php?rest_route=\/wp\/v2\/posts\/99729\/revisions\/99731"}],"wp:featuredmedia":[{"embeddable":true,"href":"https:\/\/www.radioamigavallenar.cl\/index.php?rest_route=\/wp\/v2\/media\/99730"}],"wp:attachment":[{"href":"https:\/\/www.radioamigavallenar.cl\/index.php?rest_route=%2Fwp%2Fv2%2Fmedia&parent=99729"}],"wp:term":[{"taxonomy":"category","embeddable":true,"href":"https:\/\/www.radioamigavallenar.cl\/index.php?rest_route=%2Fwp%2Fv2%2Fcategories&post=99729"},{"taxonomy":"post_tag","embeddable":true,"href":"https:\/\/www.radioamigavallenar.cl\/index.php?rest_route=%2Fwp%2Fv2%2Ftags&post=99729"}],"curies":[{"name":"wp","href":"https:\/\/api.w.org\/{rel}","templated":true}]}}