{"id":99726,"date":"2026-03-17T00:00:43","date_gmt":"2026-03-17T03:00:43","guid":{"rendered":"https:\/\/www.radioamigavallenar.cl\/?p=99726"},"modified":"2026-03-16T22:05:39","modified_gmt":"2026-03-17T01:05:39","slug":"invitan-a-la-comunidad-a-participar-en-la-campana-de-planificacion-participativa-en-promocion-de-la-salud-en-huasco","status":"publish","type":"post","link":"https:\/\/www.radioamigavallenar.cl\/?p=99726","title":{"rendered":"Invitan a la comunidad a participar en la Campa\u00f1a de Planificaci\u00f3n Participativa en Promoci\u00f3n de la Salud en Huasco"},"content":{"rendered":"<p data-pm-slice=\"1 1 []\">El Departamento de Salud de la Ilustre Municipalidad de Huasco, a trav\u00e9s de la Mesa Comunal de Promoci\u00f3n de la Salud, invita a la comunidad a participar en la Campa\u00f1a de Planificaci\u00f3n Participativa en Promoci\u00f3n de la Salud, desarrollada en el marco del Programa de Promoci\u00f3n de la Salud del Ministerio de Salud.<\/p>\n<p>\u00abInvitamos a vecinos, vecinas, organizaciones sociales, comunidades educativas e instituciones de la comuna a participar activamente, aportando ideas para planificar actividades que contribuyan a una comuna m\u00e1s saludable\u00bb, agregaron.<\/p>\n<p>Escanea el c\u00f3digo QR para completar la encuesta participativa, o bien, haz click en el siguiente enlace:\u00a0<a class=\"qbe-widget\" href=\"https:\/\/docs.google.com\/...\/1FAIpQLSdDY...\/viewform\" target=\"_blank\" rel=\"noopener noreferrer\"><strong>https:\/\/docs.google.com\/\u2026\/1FAIpQLSdDY\u2026\/viewform<\/strong><\/a><\/p>\n<p>No es necesario entregar datos personales para responder.<\/p>\n<p>Tu participaci\u00f3n es fundamental para construir un Huasco m\u00e1s saludable.<\/p>\n","protected":false},"excerpt":{"rendered":"<p>El Departamento de Salud de la Ilustre Municipalidad de Huasco, a trav\u00e9s de la Mesa Comunal de Promoci\u00f3n de la Salud, invita a la comunidad&hellip; <\/p>\n","protected":false},"author":7,"featured_media":99727,"comment_status":"closed","ping_status":"closed","sticky":false,"template":"","format":"standard","meta":{"footnotes":""},"categories":[7],"tags":[],"class_list":["post-99726","post","type-post","status-publish","format-standard","has-post-thumbnail","hentry","category-atacama"],"_links":{"self":[{"href":"https:\/\/www.radioamigavallenar.cl\/index.php?rest_route=\/wp\/v2\/posts\/99726","targetHints":{"allow":["GET"]}}],"collection":[{"href":"https:\/\/www.radioamigavallenar.cl\/index.php?rest_route=\/wp\/v2\/posts"}],"about":[{"href":"https:\/\/www.radioamigavallenar.cl\/index.php?rest_route=\/wp\/v2\/types\/post"}],"author":[{"embeddable":true,"href":"https:\/\/www.radioamigavallenar.cl\/index.php?rest_route=\/wp\/v2\/users\/7"}],"replies":[{"embeddable":true,"href":"https:\/\/www.radioamigavallenar.cl\/index.php?rest_route=%2Fwp%2Fv2%2Fcomments&post=99726"}],"version-history":[{"count":1,"href":"https:\/\/www.radioamigavallenar.cl\/index.php?rest_route=\/wp\/v2\/posts\/99726\/revisions"}],"predecessor-version":[{"id":99728,"href":"https:\/\/www.radioamigavallenar.cl\/index.php?rest_route=\/wp\/v2\/posts\/99726\/revisions\/99728"}],"wp:featuredmedia":[{"embeddable":true,"href":"https:\/\/www.radioamigavallenar.cl\/index.php?rest_route=\/wp\/v2\/media\/99727"}],"wp:attachment":[{"href":"https:\/\/www.radioamigavallenar.cl\/index.php?rest_route=%2Fwp%2Fv2%2Fmedia&parent=99726"}],"wp:term":[{"taxonomy":"category","embeddable":true,"href":"https:\/\/www.radioamigavallenar.cl\/index.php?rest_route=%2Fwp%2Fv2%2Fcategories&post=99726"},{"taxonomy":"post_tag","embeddable":true,"href":"https:\/\/www.radioamigavallenar.cl\/index.php?rest_route=%2Fwp%2Fv2%2Ftags&post=99726"}],"curies":[{"name":"wp","href":"https:\/\/api.w.org\/{rel}","templated":true}]}}