{"id":99723,"date":"2026-03-17T00:00:55","date_gmt":"2026-03-17T03:00:55","guid":{"rendered":"https:\/\/www.radioamigavallenar.cl\/?p=99723"},"modified":"2026-03-17T00:02:10","modified_gmt":"2026-03-17T03:02:10","slug":"tres-personas-detenidas-tras-chocar-contra-poste-en-sector-costanera-en-vallenar","status":"publish","type":"post","link":"https:\/\/www.radioamigavallenar.cl\/?p=99723","title":{"rendered":"Tres personas detenidas tras chocar contra poste en sector Costanera en Vallenar"},"content":{"rendered":"<p data-pm-slice=\"1 1 []\">Durante la madrugada de este ayer lunes, cerca de las 04:00 horas, las c\u00e1maras de televigilancia de la Central de Monitoreo detectaron un veh\u00edculo que habr\u00eda impactado contra un poste en el sector de Avenida Costanera con calle Lucila Godoy, de Vallenar.<\/p>\n<p>Tras registrarse el hecho, se dio aviso de inmediato a personal de Carabineros, quienes concurrieron r\u00e1pidamente al lugar para verificar la situaci\u00f3n y adoptar el procedimiento correspondiente.<\/p>\n<p>Gracias a la coordinaci\u00f3n entre la Central de C\u00e1maras de Seguridad y Carabineros, tres personas fueron detenidas por los delitos de da\u00f1os y conducci\u00f3n en estado de ebriedad. En el procedimiento se utilizaron como respaldo los antecedentes e im\u00e1genes captadas por el sistema de vigilancia municipal.<\/p>\n<p>Desde el municipio destacaron que este tipo de situaciones pone en valor el trabajo permanente de la Central de Monitoreo, as\u00ed como la recuperaci\u00f3n y funcionamiento de las c\u00e1maras de seguridad en el sector de Avenida Costanera, herramientas que permiten fortalecer la prevenci\u00f3n del delito, la fiscalizaci\u00f3n y la seguridad en la comuna.<\/p>\n","protected":false},"excerpt":{"rendered":"<p>Durante la madrugada de este ayer lunes, cerca de las 04:00 horas, las c\u00e1maras de televigilancia de la Central de Monitoreo detectaron un veh\u00edculo que&hellip; <\/p>\n","protected":false},"author":7,"featured_media":99724,"comment_status":"closed","ping_status":"closed","sticky":false,"template":"","format":"standard","meta":{"footnotes":""},"categories":[7],"tags":[],"class_list":["post-99723","post","type-post","status-publish","format-standard","has-post-thumbnail","hentry","category-atacama"],"_links":{"self":[{"href":"https:\/\/www.radioamigavallenar.cl\/index.php?rest_route=\/wp\/v2\/posts\/99723","targetHints":{"allow":["GET"]}}],"collection":[{"href":"https:\/\/www.radioamigavallenar.cl\/index.php?rest_route=\/wp\/v2\/posts"}],"about":[{"href":"https:\/\/www.radioamigavallenar.cl\/index.php?rest_route=\/wp\/v2\/types\/post"}],"author":[{"embeddable":true,"href":"https:\/\/www.radioamigavallenar.cl\/index.php?rest_route=\/wp\/v2\/users\/7"}],"replies":[{"embeddable":true,"href":"https:\/\/www.radioamigavallenar.cl\/index.php?rest_route=%2Fwp%2Fv2%2Fcomments&post=99723"}],"version-history":[{"count":1,"href":"https:\/\/www.radioamigavallenar.cl\/index.php?rest_route=\/wp\/v2\/posts\/99723\/revisions"}],"predecessor-version":[{"id":99725,"href":"https:\/\/www.radioamigavallenar.cl\/index.php?rest_route=\/wp\/v2\/posts\/99723\/revisions\/99725"}],"wp:featuredmedia":[{"embeddable":true,"href":"https:\/\/www.radioamigavallenar.cl\/index.php?rest_route=\/wp\/v2\/media\/99724"}],"wp:attachment":[{"href":"https:\/\/www.radioamigavallenar.cl\/index.php?rest_route=%2Fwp%2Fv2%2Fmedia&parent=99723"}],"wp:term":[{"taxonomy":"category","embeddable":true,"href":"https:\/\/www.radioamigavallenar.cl\/index.php?rest_route=%2Fwp%2Fv2%2Fcategories&post=99723"},{"taxonomy":"post_tag","embeddable":true,"href":"https:\/\/www.radioamigavallenar.cl\/index.php?rest_route=%2Fwp%2Fv2%2Ftags&post=99723"}],"curies":[{"name":"wp","href":"https:\/\/api.w.org\/{rel}","templated":true}]}}