{"id":99720,"date":"2026-03-17T00:00:14","date_gmt":"2026-03-17T03:00:14","guid":{"rendered":"https:\/\/www.radioamigavallenar.cl\/?p=99720"},"modified":"2026-03-16T22:00:52","modified_gmt":"2026-03-17T01:00:52","slug":"comunidad-diaguita-de-la-alta-cordillera-del-huasco-denuncia-grave-impacto-ambiental-por-transito-asociado-a-faenas-mineras","status":"publish","type":"post","link":"https:\/\/www.radioamigavallenar.cl\/?p=99720","title":{"rendered":"Comunidad diaguita de la alta cordillera del Huasco denuncia grave impacto ambiental por tr\u00e1nsito asociado a faenas mineras"},"content":{"rendered":"<p data-pm-slice=\"1 1 []\">La Comunidad Ind\u00edgena Diaguita El Corral de Alta Cordillera, ubicada en la provincia del Huasco, realiz\u00f3 una denuncia p\u00fablica por lo que califican como una grave situaci\u00f3n ambiental que afecta a su territorio ancestral en sectores de la Quebrada de Potrerillos y sus afluentes, en la alta cordillera del Valle del Huasco.<\/p>\n<p>Seg\u00fan expusieron, desde hace meses enfrentan altos niveles de poluci\u00f3n por polvo en suspensi\u00f3n, generado principalmente por el tr\u00e1nsito constante de veh\u00edculos vinculados a actividades asociadas al proceso de cierre del proyecto minero Pascua Lama, as\u00ed como por nuevas iniciativas mineras aprobadas en la zona.<\/p>\n<p>De acuerdo con la comunidad, el polvo no solo queda en los caminos, sino que se deposita sobre los pastizales, el forraje y las hierbas medicinales, elementos fundamentales para su sistema de vida en la cordillera. Esta situaci\u00f3n estar\u00eda afectando directamente a los animales utilizados en las pr\u00e1cticas de trashumancia, actividad ancestral que desarrollan entre sectores de invernada y veranada, desde la Majada de Ulloa hasta zonas cercanas a la faena minera.<\/p>\n<p>Entre las consecuencias denunciadas, la comunidad se\u00f1ala la p\u00e9rdida de aproximadamente 30 animales, situaci\u00f3n que atribuyen a la polvareda permanente que dificulta el desplazamiento de los reba\u00f1os durante las rutas de trashumancia. A esto se suma adem\u00e1s la muerte de una yegua, hecho que \u2014seg\u00fan indican\u2014 a\u00fan no tendr\u00eda una explicaci\u00f3n clara ni soluciones concretas por parte de la empresa.<\/p>\n<p>Los dirigentes tambi\u00e9n cuestionaron los procesos de evaluaci\u00f3n ambiental, afirmando que solo se habr\u00edan reconocido dos impactos menores, dejando fuera aspectos que consideran fundamentales para su forma de vida, como la afectaci\u00f3n a zonas de pastoreo, majadas, rutas de trashumancia, espacios de recolecci\u00f3n de hierbas medicinales y sitios patrimoniales presentes en el territorio.<\/p>\n<p>Desde la comunidad se\u00f1alaron que han intentado abordar estos problemas mediante el di\u00e1logo, pero aseguran que las respuestas han sido insuficientes frente a la magnitud de los impactos denunciados.<\/p>\n<p>Finalmente, hicieron un llamado a las autoridades y a la opini\u00f3n p\u00fablica para que conozcan lo que, seg\u00fan indican, ocurre actualmente en la alta cordillera del Huasco, enfatizando que su territorio no es un espacio vac\u00edo para proyectos industriales, sino un lugar habitado y utilizado por generaciones de familias diaguitas que mantienen pr\u00e1cticas culturales, productivas y patrimoniales vinculadas a la cordillera.<\/p>\n","protected":false},"excerpt":{"rendered":"<p>La Comunidad Ind\u00edgena Diaguita El Corral de Alta Cordillera, ubicada en la provincia del Huasco, realiz\u00f3 una denuncia p\u00fablica por lo que califican como una&hellip; <\/p>\n","protected":false},"author":7,"featured_media":99721,"comment_status":"closed","ping_status":"closed","sticky":false,"template":"","format":"standard","meta":{"footnotes":""},"categories":[7],"tags":[],"class_list":["post-99720","post","type-post","status-publish","format-standard","has-post-thumbnail","hentry","category-atacama"],"_links":{"self":[{"href":"https:\/\/www.radioamigavallenar.cl\/index.php?rest_route=\/wp\/v2\/posts\/99720","targetHints":{"allow":["GET"]}}],"collection":[{"href":"https:\/\/www.radioamigavallenar.cl\/index.php?rest_route=\/wp\/v2\/posts"}],"about":[{"href":"https:\/\/www.radioamigavallenar.cl\/index.php?rest_route=\/wp\/v2\/types\/post"}],"author":[{"embeddable":true,"href":"https:\/\/www.radioamigavallenar.cl\/index.php?rest_route=\/wp\/v2\/users\/7"}],"replies":[{"embeddable":true,"href":"https:\/\/www.radioamigavallenar.cl\/index.php?rest_route=%2Fwp%2Fv2%2Fcomments&post=99720"}],"version-history":[{"count":1,"href":"https:\/\/www.radioamigavallenar.cl\/index.php?rest_route=\/wp\/v2\/posts\/99720\/revisions"}],"predecessor-version":[{"id":99722,"href":"https:\/\/www.radioamigavallenar.cl\/index.php?rest_route=\/wp\/v2\/posts\/99720\/revisions\/99722"}],"wp:featuredmedia":[{"embeddable":true,"href":"https:\/\/www.radioamigavallenar.cl\/index.php?rest_route=\/wp\/v2\/media\/99721"}],"wp:attachment":[{"href":"https:\/\/www.radioamigavallenar.cl\/index.php?rest_route=%2Fwp%2Fv2%2Fmedia&parent=99720"}],"wp:term":[{"taxonomy":"category","embeddable":true,"href":"https:\/\/www.radioamigavallenar.cl\/index.php?rest_route=%2Fwp%2Fv2%2Fcategories&post=99720"},{"taxonomy":"post_tag","embeddable":true,"href":"https:\/\/www.radioamigavallenar.cl\/index.php?rest_route=%2Fwp%2Fv2%2Ftags&post=99720"}],"curies":[{"name":"wp","href":"https:\/\/api.w.org\/{rel}","templated":true}]}}