{"id":99716,"date":"2026-03-17T00:00:36","date_gmt":"2026-03-17T03:00:36","guid":{"rendered":"https:\/\/www.radioamigavallenar.cl\/?p=99716"},"modified":"2026-03-16T21:58:24","modified_gmt":"2026-03-17T00:58:24","slug":"pti-minero-de-atacama-abre-postulacion-para-fortalecer-a-empresas-proveedoras-locales","status":"publish","type":"post","link":"https:\/\/www.radioamigavallenar.cl\/?p=99716","title":{"rendered":"PTI Minero de Atacama abre postulaci\u00f3n para fortalecer a empresas proveedoras locales"},"content":{"rendered":"<p class=\"mb-3 \">La iniciativa impulsada por CORFO y ejecutada por CORPROA busca preparar a proveedores 100% locales para acceder a nuevos contratos con la industria minera, mediante formaci\u00f3n especializada y asesor\u00eda personalizada.<\/p>\n<p>El\u00a0Programa Territorial Integrado (PTI) Encadenamiento Productivo Minero de Atacama\u00a0abri\u00f3 un nuevo proceso de postulaci\u00f3n dirigido a\u00a0empresas proveedoras locales\u00a0que busquen fortalecer su competitividad y mejorar su preparaci\u00f3n para trabajar con la industria minera. La iniciativa, impulsada por\u00a0CORFO\u00a0y ejecutada por\u00a0CORPROA, contempla la selecci\u00f3n de compa\u00f1\u00edas que participar\u00e1n en una\u00a0Asesor\u00eda Integral en Gesti\u00f3n Empresarial y Financiera.<\/p>\n<p>La convocatoria est\u00e1 orientada a\u00a0empresas 100% locales\u00a0que entreguen bienes o servicios al sector minero y que quieran fortalecer sus capacidades para acceder a nuevas oportunidades de negocio. Entre los rubros considerados figuran servicios industriales, operaci\u00f3n y mantenimiento, log\u00edstica, servicios ambientales, tecnolog\u00edas aplicadas y automatizaci\u00f3n, gesti\u00f3n de residuos, construcci\u00f3n, control de procesos, gesti\u00f3n h\u00eddrica y energ\u00eda.<\/p>\n<p>De acuerdo con la informaci\u00f3n publicada por CORPROA, las postulaciones estar\u00e1n disponibles\u00a0hasta el 27 de marzo de 2026\u00a0y los cupos son limitados. Las empresas seleccionadas acceder\u00e1n a un proceso de fortalecimiento que combinar\u00e1\u00a0formaci\u00f3n especializada y asesor\u00eda personalizada, con foco en mejorar su capacidad de gesti\u00f3n y su vinculaci\u00f3n con compa\u00f1\u00edas mandantes y contratistas del sector minero.<\/p>\n<h3 style=\"text-align: center;\">Formaci\u00f3n especializada para acceder a nuevos contratos mineros<\/h3>\n<p>El programa considera talleres especializados en\u00a0gesti\u00f3n empresarial y financiera orientada a contratos mineros, adem\u00e1s de apoyo en planificaci\u00f3n financiera, control de costos y cumplimiento tributario. A ello se suma acompa\u00f1amiento t\u00e9cnico individual para fortalecer la gesti\u00f3n interna de cada empresa y mejorar su preparaci\u00f3n para ejecutar contratos en la industria.<\/p>\n<p>Juan Pablo Mu\u00f1oz, jefe del \u00c1rea de Proyectos de CORPROA, destac\u00f3 el valor de esta convocatoria para el desarrollo de proveedores regionales. Seg\u00fan se\u00f1al\u00f3, esta iniciativa representa una oportunidad concreta para entregar herramientas de gesti\u00f3n, acompa\u00f1amiento t\u00e9cnico y preparaci\u00f3n especializada a empresas locales, con el objetivo de mejorar su competitividad y facilitar su acceso a nuevas oportunidades dentro del ecosistema minero.<\/p>\n<p>Las empresas interesadas pueden revisar el proceso de inscripci\u00f3n en el sitio oficial de CORPROA, donde se encuentra habilitado el formulario de postulaci\u00f3n:\u00a0<a href=\"https:\/\/www.corproa.cl\/pti-minero\/\">https:\/\/www.corproa.cl\/pti-minero\/<\/a><\/p>\n","protected":false},"excerpt":{"rendered":"<p>La iniciativa impulsada por CORFO y ejecutada por CORPROA busca preparar a proveedores 100% locales para acceder a nuevos contratos con la industria minera, mediante&hellip; <\/p>\n","protected":false},"author":7,"featured_media":99717,"comment_status":"closed","ping_status":"closed","sticky":false,"template":"","format":"standard","meta":{"footnotes":""},"categories":[7],"tags":[],"class_list":["post-99716","post","type-post","status-publish","format-standard","has-post-thumbnail","hentry","category-atacama"],"_links":{"self":[{"href":"https:\/\/www.radioamigavallenar.cl\/index.php?rest_route=\/wp\/v2\/posts\/99716","targetHints":{"allow":["GET"]}}],"collection":[{"href":"https:\/\/www.radioamigavallenar.cl\/index.php?rest_route=\/wp\/v2\/posts"}],"about":[{"href":"https:\/\/www.radioamigavallenar.cl\/index.php?rest_route=\/wp\/v2\/types\/post"}],"author":[{"embeddable":true,"href":"https:\/\/www.radioamigavallenar.cl\/index.php?rest_route=\/wp\/v2\/users\/7"}],"replies":[{"embeddable":true,"href":"https:\/\/www.radioamigavallenar.cl\/index.php?rest_route=%2Fwp%2Fv2%2Fcomments&post=99716"}],"version-history":[{"count":2,"href":"https:\/\/www.radioamigavallenar.cl\/index.php?rest_route=\/wp\/v2\/posts\/99716\/revisions"}],"predecessor-version":[{"id":99719,"href":"https:\/\/www.radioamigavallenar.cl\/index.php?rest_route=\/wp\/v2\/posts\/99716\/revisions\/99719"}],"wp:featuredmedia":[{"embeddable":true,"href":"https:\/\/www.radioamigavallenar.cl\/index.php?rest_route=\/wp\/v2\/media\/99717"}],"wp:attachment":[{"href":"https:\/\/www.radioamigavallenar.cl\/index.php?rest_route=%2Fwp%2Fv2%2Fmedia&parent=99716"}],"wp:term":[{"taxonomy":"category","embeddable":true,"href":"https:\/\/www.radioamigavallenar.cl\/index.php?rest_route=%2Fwp%2Fv2%2Fcategories&post=99716"},{"taxonomy":"post_tag","embeddable":true,"href":"https:\/\/www.radioamigavallenar.cl\/index.php?rest_route=%2Fwp%2Fv2%2Ftags&post=99716"}],"curies":[{"name":"wp","href":"https:\/\/api.w.org\/{rel}","templated":true}]}}