{"id":99713,"date":"2026-03-17T00:00:06","date_gmt":"2026-03-17T03:00:06","guid":{"rendered":"https:\/\/www.radioamigavallenar.cl\/?p=99713"},"modified":"2026-03-16T21:56:34","modified_gmt":"2026-03-17T00:56:34","slug":"incautan-mas-de-617-kilos-de-droga-en-operativo-de-la-pdi-en-atacama","status":"publish","type":"post","link":"https:\/\/www.radioamigavallenar.cl\/?p=99713","title":{"rendered":"Incautan m\u00e1s de 617 kilos de droga en operativo de la PDI en Atacama"},"content":{"rendered":"<p lang=\"es-ES\" align=\"justify\"><span lang=\"es-CL\">Detectives de la Brigada Antinarc\u00f3ticos y Contra el Crimen Organizado (Brianco) de la PDI Copiap\u00f3, realizaron un procedimiento en flagrancia que permiti\u00f3 la incautaci\u00f3n de 617 kilos 490 gramos de distintos tipos de droga.<\/span><\/p>\n<div class=\"code-block code-block-3\">\n<div id=\"sas_99069\"><\/div>\n<\/div>\n<p lang=\"es-ES\" align=\"justify\"><span lang=\"es-CL\">En relaci\u00f3n a lo anterior, el Jefe de la Regi\u00f3n Policial de Atacama, Prefecto Inspector se\u00f1or Patricio Barrios se\u00f1al\u00f3 lo siguiente, \u201choy damos cuenta de una incautaci\u00f3n, en un trabajo mancomunado con el Ministerio P\u00fablico, de cannabis, clorhidrato de coca\u00edna, coca\u00edna base y resina de cannabis que tiene alta concentraci\u00f3n de THC. Este procedimiento responde informaci\u00f3n residual de investigaciones que se han desarrollado junto a Fiscal\u00eda\u201d.<\/span><\/p>\n<p lang=\"es-ES\" align=\"justify\"><span lang=\"es-CL\">En ese mismo sentido el Fiscal a cargo de la investigaci\u00f3n, Sebasti\u00e1n Coya, indic\u00f3 que la Fiscal\u00eda SACFI y la Brigada Antinarc\u00f3ticos se encuentra trabajando en levantar informaci\u00f3n respecto a lugares de acopio, transporte y rutas alternativas para efectos de realizar controles e incautaciones de droga, \u201cproducto de una orden de investigar, se logr\u00f3 \u00e9sta incautaci\u00f3n por lo que cabe destacar la labor que desarrolla el Ministerio P\u00fablico en conjunto con las polic\u00edas, este es uno de los delitos que se le da prioridad respecto de la investigaci\u00f3n como tal, porque es un delito grave que afecta a la comunidad. D\u00e1ndole \u00e9nfasis a atacar estas organizaciones criminales para efectos de realizar levantamientos patrimoniales\u201d mencion\u00f3 el persecutor.<\/span><\/p>\n<p lang=\"es-ES\" align=\"justify\"><span lang=\"es-CL\">La Polic\u00eda de Investigaciones contin\u00faa trabajando en la identidad de los sujetos que est\u00e1n detr\u00e1s de esta importante incautaci\u00f3n de droga, la que se logr\u00f3 luego de un trabajo de inteligencia policial, an\u00e1lisis criminal y a antecedentes recopilados por la Brigada Antinarc\u00f3ticos, en base a una orden de investigar de la Fiscal\u00eda. Es importante destacar que se est\u00e1 analizando la informaci\u00f3n que se mantiene sobre posibles participantes.<\/span><\/p>\n<div class=\"code-block code-block-5\">\n<div id=\"sas_99435\"><\/div>\n<\/div>\n<p lang=\"es-ES\" align=\"justify\"><span lang=\"es-CL\">La Delegada Presidencial de la Regi\u00f3n de Atacama, Sof\u00eda Cid, indic\u00f3 que \u201cnuestra regi\u00f3n es un lugar de paso de sustancias il\u00edcitas y se han obtenido importantes resultados en incautaciones\u201d, por lo que agradeci\u00f3 y felicit\u00f3 a las polic\u00edas y al Ministerio P\u00fablico, por sacar esta droga de circulaci\u00f3n y poder entregar tranquilidad y seguridad a las familias.<\/span><\/p>\n","protected":false},"excerpt":{"rendered":"<p>Detectives de la Brigada Antinarc\u00f3ticos y Contra el Crimen Organizado (Brianco) de la PDI Copiap\u00f3, realizaron un procedimiento en flagrancia que permiti\u00f3 la incautaci\u00f3n de&hellip; <\/p>\n","protected":false},"author":7,"featured_media":99714,"comment_status":"closed","ping_status":"closed","sticky":false,"template":"","format":"standard","meta":{"footnotes":""},"categories":[7],"tags":[],"class_list":["post-99713","post","type-post","status-publish","format-standard","has-post-thumbnail","hentry","category-atacama"],"_links":{"self":[{"href":"https:\/\/www.radioamigavallenar.cl\/index.php?rest_route=\/wp\/v2\/posts\/99713","targetHints":{"allow":["GET"]}}],"collection":[{"href":"https:\/\/www.radioamigavallenar.cl\/index.php?rest_route=\/wp\/v2\/posts"}],"about":[{"href":"https:\/\/www.radioamigavallenar.cl\/index.php?rest_route=\/wp\/v2\/types\/post"}],"author":[{"embeddable":true,"href":"https:\/\/www.radioamigavallenar.cl\/index.php?rest_route=\/wp\/v2\/users\/7"}],"replies":[{"embeddable":true,"href":"https:\/\/www.radioamigavallenar.cl\/index.php?rest_route=%2Fwp%2Fv2%2Fcomments&post=99713"}],"version-history":[{"count":1,"href":"https:\/\/www.radioamigavallenar.cl\/index.php?rest_route=\/wp\/v2\/posts\/99713\/revisions"}],"predecessor-version":[{"id":99715,"href":"https:\/\/www.radioamigavallenar.cl\/index.php?rest_route=\/wp\/v2\/posts\/99713\/revisions\/99715"}],"wp:featuredmedia":[{"embeddable":true,"href":"https:\/\/www.radioamigavallenar.cl\/index.php?rest_route=\/wp\/v2\/media\/99714"}],"wp:attachment":[{"href":"https:\/\/www.radioamigavallenar.cl\/index.php?rest_route=%2Fwp%2Fv2%2Fmedia&parent=99713"}],"wp:term":[{"taxonomy":"category","embeddable":true,"href":"https:\/\/www.radioamigavallenar.cl\/index.php?rest_route=%2Fwp%2Fv2%2Fcategories&post=99713"},{"taxonomy":"post_tag","embeddable":true,"href":"https:\/\/www.radioamigavallenar.cl\/index.php?rest_route=%2Fwp%2Fv2%2Ftags&post=99713"}],"curies":[{"name":"wp","href":"https:\/\/api.w.org\/{rel}","templated":true}]}}