{"id":99706,"date":"2026-03-16T12:48:28","date_gmt":"2026-03-16T15:48:28","guid":{"rendered":"https:\/\/www.radioamigavallenar.cl\/?p=99706"},"modified":"2026-03-16T12:48:37","modified_gmt":"2026-03-16T15:48:37","slug":"kast-debera-definir-en-semanas-si-respalda-candidatura-de-bachelet-a-la-secretaria-general-de-la-onu","status":"publish","type":"post","link":"https:\/\/www.radioamigavallenar.cl\/?p=99706","title":{"rendered":"Kast deber\u00e1 definir en semanas si respalda candidatura de Bachelet a la Secretar\u00eda General de la ONU"},"content":{"rendered":"<p>En las pr\u00f3ximas semanas, el presidente Jos\u00e9 Antonio Kast deber\u00e1 definir si mantendr\u00e1 el respaldo a la candidatura de Michelle Bachelet a la\u00a0Secretar\u00eda General de Naciones Unidas. Una decisi\u00f3n que puede marcar tempranamente\u00a0el tono de la relaci\u00f3n entre La Moneda y la oposici\u00f3n.<\/p>\n<p>La candidatura de Michelle Bachelet a la Secretar\u00eda General de las Naciones Unidas se perfila como uno de los primeros\u00a0debates pol\u00edticos que deber\u00e1 enfrentar el nuevo gobierno.<\/p>\n<p>Se trata de una decisi\u00f3n que ya se encuentra \u201cavanzada\u201d y que, de acuerdo con lo se\u00f1alado por el Ejecutivo,\u00a0deber\u00eda ser comunicada en las pr\u00f3ximas semanas.<\/p>\n<p>El gobierno eval\u00faa distintos factores antes de adoptar una definici\u00f3n. Entre ellos, el recibimiento de la candidatura a nivel interno,\u00a0las implicancias diplom\u00e1ticas con pa\u00edses que han manifestado su respaldo -como M\u00e9xico y Brasil-, e incluso las posibilidades de otras postulaciones en la regi\u00f3n, como la del diplom\u00e1tico argentino Rafael Grossi.<\/p>\n<p>En esa l\u00ednea, el presidente del Partido Republicano, Arturo Squella,\u00a0insisti\u00f3 en que el pa\u00eds deber\u00eda analizar otras alternativas.<\/p>\n<h2 style=\"text-align: center;\">\u00bfApoyo o desencuentro?<\/h2>\n<p>En contraste, el senador de Renovaci\u00f3n Nacional, Manuel Jos\u00e9 Ossand\u00f3n, se manifest\u00f3 a favor de respaldar a Bachelet, y\u00a0plante\u00f3 abrir espacios de di\u00e1logo antes de adoptar una decisi\u00f3n definitiva.<\/p>\n<p>A lo anterior se suma la postura del Partido Nacional Libertario, que ha fijado entre sus \u201cl\u00edneas rojas\u201d para mantener una oposici\u00f3n\u00a0colaborativa con el gobierno: el no otorgar un apoyo a la exmandataria.<\/p>\n<p>Su secretario, Juan Antonio Urz\u00faa, sostuvo que una decisi\u00f3n en otra direcci\u00f3n no tendr\u00eda sentido bajo la l\u00f3gica de un \u201cgobierno de emergencia\u201d. Y se\u00f1al\u00f3 que las prioridades de la actual\u00a0administraci\u00f3n deber\u00edan concentrarse en las urgencias internas.<\/p>\n<p>En paralelo, la ausencia de los presidentes de M\u00e9xico y Brasil, as\u00ed como de la propia Michelle Bachelet,\u00a0en la ceremonia de cambio de mando tambi\u00e9n fue interpretada como una se\u00f1al negativa.<\/p>\n<p>La exmandataria se excus\u00f3 de asistir debido a problemas de agenda y viaj\u00f3 a Nueva York, en Estados Unidos, para participar de una nueva sesi\u00f3n de la Comisi\u00f3n de la Condici\u00f3n de la Mujer en Naciones Unidas. En ese mismo contexto, ha sostenido encuentros con representantes de\u00a0distintos pa\u00edses \u2014entre ellos Suecia\u2014 con el objetivo de sumar apoyos a su candidatura.<\/p>\n","protected":false},"excerpt":{"rendered":"<p>En las pr\u00f3ximas semanas, el presidente Jos\u00e9 Antonio Kast deber\u00e1 definir si mantendr\u00e1 el respaldo a la candidatura de Michelle Bachelet a la\u00a0Secretar\u00eda General de&hellip; <\/p>\n","protected":false},"author":7,"featured_media":99707,"comment_status":"closed","ping_status":"closed","sticky":false,"template":"","format":"standard","meta":{"footnotes":""},"categories":[37],"tags":[],"class_list":["post-99706","post","type-post","status-publish","format-standard","has-post-thumbnail","hentry","category-nacional"],"_links":{"self":[{"href":"https:\/\/www.radioamigavallenar.cl\/index.php?rest_route=\/wp\/v2\/posts\/99706","targetHints":{"allow":["GET"]}}],"collection":[{"href":"https:\/\/www.radioamigavallenar.cl\/index.php?rest_route=\/wp\/v2\/posts"}],"about":[{"href":"https:\/\/www.radioamigavallenar.cl\/index.php?rest_route=\/wp\/v2\/types\/post"}],"author":[{"embeddable":true,"href":"https:\/\/www.radioamigavallenar.cl\/index.php?rest_route=\/wp\/v2\/users\/7"}],"replies":[{"embeddable":true,"href":"https:\/\/www.radioamigavallenar.cl\/index.php?rest_route=%2Fwp%2Fv2%2Fcomments&post=99706"}],"version-history":[{"count":1,"href":"https:\/\/www.radioamigavallenar.cl\/index.php?rest_route=\/wp\/v2\/posts\/99706\/revisions"}],"predecessor-version":[{"id":99708,"href":"https:\/\/www.radioamigavallenar.cl\/index.php?rest_route=\/wp\/v2\/posts\/99706\/revisions\/99708"}],"wp:featuredmedia":[{"embeddable":true,"href":"https:\/\/www.radioamigavallenar.cl\/index.php?rest_route=\/wp\/v2\/media\/99707"}],"wp:attachment":[{"href":"https:\/\/www.radioamigavallenar.cl\/index.php?rest_route=%2Fwp%2Fv2%2Fmedia&parent=99706"}],"wp:term":[{"taxonomy":"category","embeddable":true,"href":"https:\/\/www.radioamigavallenar.cl\/index.php?rest_route=%2Fwp%2Fv2%2Fcategories&post=99706"},{"taxonomy":"post_tag","embeddable":true,"href":"https:\/\/www.radioamigavallenar.cl\/index.php?rest_route=%2Fwp%2Fv2%2Ftags&post=99706"}],"curies":[{"name":"wp","href":"https:\/\/api.w.org\/{rel}","templated":true}]}}