{"id":99702,"date":"2026-03-16T12:12:55","date_gmt":"2026-03-16T15:12:55","guid":{"rendered":"https:\/\/www.radioamigavallenar.cl\/?p=99702"},"modified":"2026-03-16T12:13:16","modified_gmt":"2026-03-16T15:13:16","slug":"senadora-cicardini-ausencia-de-un-gabinete-regional-en-funciones-afecta-incluso-el-traslado-de-pacientes-y-estudiantes-de-la-region","status":"publish","type":"post","link":"https:\/\/www.radioamigavallenar.cl\/?p=99702","title":{"rendered":"Senadora Daniella Cicardini: \u201cAusencia de un gabinete regional en funciones afecta incluso el traslado de pacientes y estudiantes de la regi\u00f3n\u201d"},"content":{"rendered":"<p data-olk-copy-source=\"MessageBody\">Un en\u00e9rgico llamado al nuevo Gobierno a culminar la designaci\u00f3n de autoridades y seremis titulares en el gabinete regional, y a reactivar a la brevedad procesos administrativos pendientes para no profundizar perjuicios a familias de Atacama, realiz\u00f3 la reci\u00e9n asumida senadora (PS) Daniella Cicardini.<\/p>\n<p>La parlamentaria aterriz\u00f3 la problem\u00e1tica en servicios y rutas de transporte subvencionado de buses hoy descontinuados por situaciones como recientes licitaciones\u00a0\u00a0declaradas desiertas o la revisi\u00f3n de antecedentes y contratos que se encontraban en curso, los que, debido a la coincidencia del cambio de gobierno, permanecen detenidos y pendientes de gestiones a nivel local o de visto bueno desde la capital.<\/p>\n<p>Seg\u00fan indic\u00f3 Cicardini, \u201ceste limbo burocr\u00e1tico est\u00e1 afectando a familias vulnerables, pacientes de di\u00e1lisis, adultos mayores y estudiantes de comunas y sectores rurales o apartados de Alto del Carmen, Toledo en Copiap\u00f3, y el servicio escolar desde la Hacienda Compa\u00f1\u00eda en Vallenar\u201d.<\/p>\n<p>\u201cExiste preocupaci\u00f3n no solo de los beneficiarios de este apoyo esencial para esos sectores, sino tambi\u00e9n de alcaldes como el de Alto del Carmen, Cristian Olivares, que, con limitados recursos municipales, han tenido que asumir costos extraordinarios para dar continuidad a una parte de estos servicios porque implica incluso riesgos para la salud y vida de las personas\u201d, agreg\u00f3.<\/p>\n<p>En esa l\u00ednea, la senadora expres\u00f3 que \u201cgobernar es dar continuidad a la vida de la gente, por lo que hago un llamado al actual Gobierno a completar los nombramientos de autoridades regionales y seremis, como en el propio Ministerio de Transportes, para que una vez designados act\u00faen con la mayor celeridad para garantizar el servicio institucional, porque cada d\u00eda que pasa perjudica a\u00fan m\u00e1s a personas y \u00e1reas sensibles para la poblaci\u00f3n\u201d.<\/p>\n<p>Cicardini explic\u00f3, no obstante, que \u201csi bien hemos sido cr\u00edticos con el contrasentido de autoproclamarse como \u2018gobierno de emergencia\u2019 y no tener listos los nombramientos desde el d\u00eda uno, en este caso puntual no es responsabilidad del anterior ni del nuevo gobierno que algunos de estos procesos quedasen a medias por la transici\u00f3n del mando. Pero lo que s\u00ed es responsabilidad de este gobierno es retomarlos a la brevedad y darles soluci\u00f3n, y eso en gran medida pasa por contar con autoridades en sus puestos tomando decisiones\u201d, se\u00f1al\u00f3.<\/p>\n<p>Asimismo, la legisladora mostr\u00f3 finalmente su inquietud por el alcance de instructivos emanados del Gobierno, a trav\u00e9s de oficios y circulares en carteras como Vivienda y Agricultura, que ordenan la suspensi\u00f3n de medidas administrativas y despacho de documentos, as\u00ed como la detenci\u00f3n de adquisiciones, sin especificar detalles ni plazos. \u201cEst\u00e1 dentro de sus facultades, pero espero sea acotado, porque no podemos caer en una especie de paralizaci\u00f3n de los servicios del Estado\u201d, cerr\u00f3 la senadora.<\/p>\n","protected":false},"excerpt":{"rendered":"<p>Un en\u00e9rgico llamado al nuevo Gobierno a culminar la designaci\u00f3n de autoridades y seremis titulares en el gabinete regional, y a reactivar a la brevedad&hellip; <\/p>\n","protected":false},"author":7,"featured_media":99704,"comment_status":"closed","ping_status":"closed","sticky":false,"template":"","format":"standard","meta":{"footnotes":""},"categories":[7],"tags":[],"class_list":["post-99702","post","type-post","status-publish","format-standard","has-post-thumbnail","hentry","category-atacama"],"_links":{"self":[{"href":"https:\/\/www.radioamigavallenar.cl\/index.php?rest_route=\/wp\/v2\/posts\/99702","targetHints":{"allow":["GET"]}}],"collection":[{"href":"https:\/\/www.radioamigavallenar.cl\/index.php?rest_route=\/wp\/v2\/posts"}],"about":[{"href":"https:\/\/www.radioamigavallenar.cl\/index.php?rest_route=\/wp\/v2\/types\/post"}],"author":[{"embeddable":true,"href":"https:\/\/www.radioamigavallenar.cl\/index.php?rest_route=\/wp\/v2\/users\/7"}],"replies":[{"embeddable":true,"href":"https:\/\/www.radioamigavallenar.cl\/index.php?rest_route=%2Fwp%2Fv2%2Fcomments&post=99702"}],"version-history":[{"count":2,"href":"https:\/\/www.radioamigavallenar.cl\/index.php?rest_route=\/wp\/v2\/posts\/99702\/revisions"}],"predecessor-version":[{"id":99705,"href":"https:\/\/www.radioamigavallenar.cl\/index.php?rest_route=\/wp\/v2\/posts\/99702\/revisions\/99705"}],"wp:featuredmedia":[{"embeddable":true,"href":"https:\/\/www.radioamigavallenar.cl\/index.php?rest_route=\/wp\/v2\/media\/99704"}],"wp:attachment":[{"href":"https:\/\/www.radioamigavallenar.cl\/index.php?rest_route=%2Fwp%2Fv2%2Fmedia&parent=99702"}],"wp:term":[{"taxonomy":"category","embeddable":true,"href":"https:\/\/www.radioamigavallenar.cl\/index.php?rest_route=%2Fwp%2Fv2%2Fcategories&post=99702"},{"taxonomy":"post_tag","embeddable":true,"href":"https:\/\/www.radioamigavallenar.cl\/index.php?rest_route=%2Fwp%2Fv2%2Ftags&post=99702"}],"curies":[{"name":"wp","href":"https:\/\/api.w.org\/{rel}","templated":true}]}}