{"id":99699,"date":"2026-03-16T12:06:53","date_gmt":"2026-03-16T15:06:53","guid":{"rendered":"https:\/\/www.radioamigavallenar.cl\/?p=99699"},"modified":"2026-03-16T12:06:53","modified_gmt":"2026-03-16T15:06:53","slug":"boric-inicia-nueva-etapa-abre-su-propia-oficina-y-suma-a-excolaboradoras-de-la-moneda-a-su-equipo","status":"publish","type":"post","link":"https:\/\/www.radioamigavallenar.cl\/?p=99699","title":{"rendered":"Boric inicia nueva etapa: abre su propia oficina y suma a excolaboradoras de La Moneda a su equipo"},"content":{"rendered":"<p>A pocos d\u00edas de dejar la Presidencia,\u00a0<strong>Gabriel Boric<\/strong>\u00a0ya comenz\u00f3 a delinear su nueva etapa fuera de La Moneda. Este lunes se confirm\u00f3 que el exjefe de Estado ya instal\u00f3 su propia oficina en Santiago desde donde proyecta continuar desarrollando iniciativas vinculadas al servicio p\u00fablico.<\/p>\n<p>La informaci\u00f3n fue dada a conocer en el matinal \u201cUna ma\u00f1ana fabulosa\u201d, donde se detall\u00f3 que el espacio estar\u00e1 ubicado en el Edificio Pits, en el l\u00edmite de las comunas de Santiago y Recoleta, en la regi\u00f3n Metropolitana.<\/p>\n<p>Seg\u00fan fuentes, la oficina ya se encuentra arrendada y comenz\u00f3 a operar de manera preliminar desde el viernes 14 de marzo, aunque su constituci\u00f3n legal a\u00fan est\u00e1 en proceso. Una vez completado ese tr\u00e1mite, se dar\u00e1 a conocer oficialmente el nombre de la entidad que encabezar\u00e1 el exmandatario.<\/p>\n<p>Desde su c\u00edrculo cercano comentan que la idea es continuar trabajando\u00a0<span class=\"destacador destacado\">\u201ctal como lo han hecho otros expresidentes para seguir aportando a Chile\u201d.<\/span><\/p>\n<h2 style=\"text-align: center;\">Gabriel Boric abre oficina en Santiago y configura equipo de trabajo<\/h2>\n<p>El equipo inicial que acompa\u00f1ar\u00e1 a Boric estar\u00e1 integrado por\u00a0<strong>Antonia Illanes<\/strong>, quien asumir\u00e1 como directora ejecutiva, y\u00a0<strong>Nicole Vergara<\/strong>, que se desempe\u00f1ar\u00e1 como directora de Comunicaciones, tal como lo hizo durante el mandato del ex presidente.<\/p>\n<p>Illanes es abogada de la Universidad de Chile y cuenta con un m\u00e1ster en Estudios Jur\u00eddicos Avanzados de la Universidad de Barcelona. Durante el gobierno de Boric fue directora administrativa de la Presidencia y posteriormente subsecretaria del Deporte, rol desde el cual particip\u00f3 en la organizaci\u00f3n de los Juegos Panamericanos y Parapanamericanos Santiago 2023. Anteriormente tambi\u00e9n fue jefa de gabinete del entonces diputado Boric en su segundo periodo parlamentario.<\/p>\n<figure id=\"attachment_6763780\" class=\"wp-caption alignnone\" aria-describedby=\"caption-attachment-6763780\"><img loading=\"lazy\" decoding=\"async\" class=\"size-large wp-image-6763780\" src=\"https:\/\/media.biobiochile.cl\/wp-content\/uploads\/2026\/03\/a_uno_1712924-1152x768.jpg\" sizes=\"auto, (max-width: 709px) 85vw, (max-width: 909px) 67vw, (max-width: 1362px) 62vw, 840px\" srcset=\"https:\/\/media.biobiochile.cl\/wp-content\/uploads\/2026\/03\/a_uno_1712924-1152x768.jpg 1152w, https:\/\/media.biobiochile.cl\/wp-content\/uploads\/2026\/03\/a_uno_1712924-1536x1024.jpg 1536w, https:\/\/media.biobiochile.cl\/wp-content\/uploads\/2026\/03\/a_uno_1712924-2048x1365.jpg 2048w, https:\/\/media.biobiochile.cl\/wp-content\/uploads\/2026\/03\/a_uno_1712924-1200x800.jpg 1200w\" alt=\"\" width=\"1152\" height=\"768\" \/><\/figure>\n<p>Por su parte, Vergara es periodista de la Universidad de Chile y mag\u00edster en Sociolog\u00eda de la Universidad Cat\u00f3lica. Especializada en comunicaci\u00f3n pol\u00edtica, durante la administraci\u00f3n del exmandatario se desempe\u00f1\u00f3 como directora de Comunicaciones de la Presidencia y previamente como asesora del denominado \u201csegundo piso\u201d. Tambi\u00e9n fue jefa de comunicaciones del centro de estudios Espacio P\u00fablico y trabaj\u00f3 en la Secretar\u00eda de Comunicaciones durante el segundo gobierno de Michelle Bachelet.<\/p>\n<p>Desde este nuevo espacio, el ahora expresidente proyecta impulsar un proyecto orientado a seguir contribuyendo al desarrollo del pa\u00eds, en una etapa que comienza mientras el progresismo debate el rol pol\u00edtico que podr\u00eda jugar Boric tras su paso por La Moneda, como referente del sector y elemento de unidad para configuarar la actual oposici\u00f3n.<\/p>\n","protected":false},"excerpt":{"rendered":"<p>A pocos d\u00edas de dejar la Presidencia,\u00a0Gabriel Boric\u00a0ya comenz\u00f3 a delinear su nueva etapa fuera de La Moneda. Este lunes se confirm\u00f3 que el exjefe&hellip; <\/p>\n","protected":false},"author":7,"featured_media":99700,"comment_status":"closed","ping_status":"closed","sticky":false,"template":"","format":"standard","meta":{"footnotes":""},"categories":[37],"tags":[],"class_list":["post-99699","post","type-post","status-publish","format-standard","has-post-thumbnail","hentry","category-nacional"],"_links":{"self":[{"href":"https:\/\/www.radioamigavallenar.cl\/index.php?rest_route=\/wp\/v2\/posts\/99699","targetHints":{"allow":["GET"]}}],"collection":[{"href":"https:\/\/www.radioamigavallenar.cl\/index.php?rest_route=\/wp\/v2\/posts"}],"about":[{"href":"https:\/\/www.radioamigavallenar.cl\/index.php?rest_route=\/wp\/v2\/types\/post"}],"author":[{"embeddable":true,"href":"https:\/\/www.radioamigavallenar.cl\/index.php?rest_route=\/wp\/v2\/users\/7"}],"replies":[{"embeddable":true,"href":"https:\/\/www.radioamigavallenar.cl\/index.php?rest_route=%2Fwp%2Fv2%2Fcomments&post=99699"}],"version-history":[{"count":1,"href":"https:\/\/www.radioamigavallenar.cl\/index.php?rest_route=\/wp\/v2\/posts\/99699\/revisions"}],"predecessor-version":[{"id":99701,"href":"https:\/\/www.radioamigavallenar.cl\/index.php?rest_route=\/wp\/v2\/posts\/99699\/revisions\/99701"}],"wp:featuredmedia":[{"embeddable":true,"href":"https:\/\/www.radioamigavallenar.cl\/index.php?rest_route=\/wp\/v2\/media\/99700"}],"wp:attachment":[{"href":"https:\/\/www.radioamigavallenar.cl\/index.php?rest_route=%2Fwp%2Fv2%2Fmedia&parent=99699"}],"wp:term":[{"taxonomy":"category","embeddable":true,"href":"https:\/\/www.radioamigavallenar.cl\/index.php?rest_route=%2Fwp%2Fv2%2Fcategories&post=99699"},{"taxonomy":"post_tag","embeddable":true,"href":"https:\/\/www.radioamigavallenar.cl\/index.php?rest_route=%2Fwp%2Fv2%2Ftags&post=99699"}],"curies":[{"name":"wp","href":"https:\/\/api.w.org\/{rel}","templated":true}]}}