{"id":99695,"date":"2026-03-16T09:23:31","date_gmt":"2026-03-16T12:23:31","guid":{"rendered":"https:\/\/www.radioamigavallenar.cl\/?p=99695"},"modified":"2026-03-16T11:26:34","modified_gmt":"2026-03-16T14:26:34","slug":"mas-de-un-ano-de-retraso-tiene-construccion-de-supermercado-lider-en-vallenar","status":"publish","type":"post","link":"https:\/\/www.radioamigavallenar.cl\/?p=99695","title":{"rendered":"M\u00e1s de un a\u00f1o de retraso tiene construcci\u00f3n de supermercado L\u00edder en ciudad de Vallenar"},"content":{"rendered":"<p>13 meses de atraso en relaci\u00f3n con la planificaci\u00f3n original tiene la construcci\u00f3n del proyecto L\u00edder en Vallenar, seg\u00fan informpo Diario Atacama. Las razones se deber\u00edan a problemas en permisos de la municipalidad, recepci\u00f3n y patentes.<\/p>\n<p>En un comienzo, la apertura del supermercado estaba contemplada para octubre de 2025, sin embargo se proyecta que el recinto pueda abrir sus puertas a fines de noviembre de 2026, inform\u00f3 el matutino. Para cumplir con este nuevo plazo ser\u00e1 clave el avance del proceso de permisos municipales, etapa administrativa que debiera desarrollarse a partir de inicios de 2026.<\/p>\n<p>El proyecto de L\u00edder Vallenar, impulsado por Walmart Chile en la Provincia de Huasco tiene como objetivo ampliar la oferta comercial en la comuna y acercar nuevos servicios a sus habitantes, ha generado expectativas en la comunidad desde que fue anunciado.<\/p>\n<p>La iniciativa considera la apertura del primer supermercado de esta cadena en la comuna, lo que para muchos vecinos representa una alternativa adicional de abastecimiento y un impulso a la actividad econ\u00f3mica local. Sin embargo, ese escenario se ha visto truncado por un evidente retraso en su cronograma de ejecuci\u00f3n, situaci\u00f3n que ha modificado las proyecciones iniciales respecto a su puesta en marcha.<\/p>\n<p>La iniciativa acumula alrededor de 13 meses de atraso y entre los tr\u00e1mites que deber\u00e1n concretarse se encuentran la Modificaci\u00f3n de Proyecto para habilitar supermercado, la Recepci\u00f3n Final de las obras y la obtenci\u00f3n de las patentes correspondientes, requisitos necesarios para su funcionamiento.<\/p>\n<p>El supermercado contempla una inversi\u00f3n superior a los US$17 millones y la creaci\u00f3n de alrededor de 120 empleos. El proyecto considera una obra de 7.601 metros cuadrados totales construidos, con una sala de ventas de 4.366 metros cuadrados y 242 estacionamientos para clientes.<\/p>\n<p>Adem\u00e1s del supermercado, el desarrollo del recinto contempla la incorporaci\u00f3n de nuevos servicios para el sector donde estar\u00e1 ubicado, entre ellos una farmacia y una cadena de comida r\u00e1pida, entre otros espacios comerciales que se sumar\u00e1n al entorno.<\/p>\n<p style=\"text-align: center;\"><strong>DECLARACIONES<\/strong><\/p>\n<p>Desde Walmart Chile destacaron el impacto que esta inversi\u00f3n podr\u00eda tener en la provincia del Huasco, tanto por la generaci\u00f3n de empleo como por el aumento de la oferta de servicios para la comunidad.<\/p>\n<p>\u201cEl proyecto L\u00edder Vallenar es una inversi\u00f3n muy significativa para la provincia del Huasco, con m\u00e1s de US$17 millones y la generaci\u00f3n de cerca de 120 empleos locales. Adem\u00e1s, permitir\u00e1 sumar nuevos servicios para el sector, como una farmacia y una cadena de comida r\u00e1pida, ampliando la oferta disponible para los vecinos. En un contexto econ\u00f3mico desafiante, iniciativas como esta son una buena noticia para la regi\u00f3n, porque ayudan a dinamizar la econom\u00eda local y a acercar a las familias una mayor oferta de productos a precios convenientes\u201d.<\/p>\n<p>Agregaron que \u201cesto est\u00e1 en l\u00ednea con nuestro prop\u00f3sito de compa\u00f1\u00eda: ayudar a que las personas puedan ahorrar dinero para vivir mejor. Queremos llegar a Vallenar para quedarnos, aportar al desarrollo de la comuna y trabajar colaborativamente para que esta iniciativa se concrete y se transforme en una oportunidad real para sus habitantes\u201d.<\/p>\n<p style=\"text-align: center;\"><strong>L\u00cdDER VALLENAR<\/strong><\/p>\n<p>Lo del L\u00edder Vallenar forma parte del plan de expansi\u00f3n que Walmart Chile impulsa a nivel nacional. La iniciativa se enmarca dentro de su Plan de Inversiones a cinco a\u00f1os, el cual considera un monto total de US$1.300 millones destinado al crecimiento de su red en el pa\u00eds.<\/p>\n<p>Este plan contempla la inauguraci\u00f3n de m\u00e1s de 80 nuevas tiendas, de las cuales un 70% se ubicar\u00e1n en regiones, adem\u00e1s de la ampliaci\u00f3n de un centro de distribuci\u00f3n en Santiago y la construcci\u00f3n de un complejo log\u00edstico en la zona centro sur del pa\u00eds. En conjunto, estas inversiones proyectan la generaci\u00f3n de aproximadamente 6 mil nuevos puestos de trabajo.<\/p>\n<p>Diario Atacama consult\u00f3 al municipio de Vallenar sobre la obra, quien indic\u00f3 que se entreg\u00f3 el permiso de edificaci\u00f3n, v\u00e1lido por tres a\u00f1os. Adem\u00e1s, indicaron que se debe a las intervenciones en los alrededores del supermercado, la empresa deber\u00e1 presentar avances de detalles y realizar los tr\u00e1mites correspondientes ante el MOP.<\/p>\n<p>&nbsp;<\/p>\n<p>Fuente: <a href=\"https:\/\/elnoticierodelhuasco.cl\/2026\/03\/mas-de-un-ano-de-retraso-tiene-construccion-de-supermercado-lider-en-vallenar\/\" target=\"_blank\" rel=\"noopener\">El Noticiero Del Huasco<\/a><\/p>\n","protected":false},"excerpt":{"rendered":"<p>13 meses de atraso en relaci\u00f3n con la planificaci\u00f3n original tiene la construcci\u00f3n del proyecto L\u00edder en Vallenar, seg\u00fan informpo Diario Atacama. Las razones se&hellip; <\/p>\n","protected":false},"author":7,"featured_media":99696,"comment_status":"closed","ping_status":"closed","sticky":false,"template":"","format":"standard","meta":{"footnotes":""},"categories":[7],"tags":[],"class_list":["post-99695","post","type-post","status-publish","format-standard","has-post-thumbnail","hentry","category-atacama"],"_links":{"self":[{"href":"https:\/\/www.radioamigavallenar.cl\/index.php?rest_route=\/wp\/v2\/posts\/99695","targetHints":{"allow":["GET"]}}],"collection":[{"href":"https:\/\/www.radioamigavallenar.cl\/index.php?rest_route=\/wp\/v2\/posts"}],"about":[{"href":"https:\/\/www.radioamigavallenar.cl\/index.php?rest_route=\/wp\/v2\/types\/post"}],"author":[{"embeddable":true,"href":"https:\/\/www.radioamigavallenar.cl\/index.php?rest_route=\/wp\/v2\/users\/7"}],"replies":[{"embeddable":true,"href":"https:\/\/www.radioamigavallenar.cl\/index.php?rest_route=%2Fwp%2Fv2%2Fcomments&post=99695"}],"version-history":[{"count":2,"href":"https:\/\/www.radioamigavallenar.cl\/index.php?rest_route=\/wp\/v2\/posts\/99695\/revisions"}],"predecessor-version":[{"id":99698,"href":"https:\/\/www.radioamigavallenar.cl\/index.php?rest_route=\/wp\/v2\/posts\/99695\/revisions\/99698"}],"wp:featuredmedia":[{"embeddable":true,"href":"https:\/\/www.radioamigavallenar.cl\/index.php?rest_route=\/wp\/v2\/media\/99696"}],"wp:attachment":[{"href":"https:\/\/www.radioamigavallenar.cl\/index.php?rest_route=%2Fwp%2Fv2%2Fmedia&parent=99695"}],"wp:term":[{"taxonomy":"category","embeddable":true,"href":"https:\/\/www.radioamigavallenar.cl\/index.php?rest_route=%2Fwp%2Fv2%2Fcategories&post=99695"},{"taxonomy":"post_tag","embeddable":true,"href":"https:\/\/www.radioamigavallenar.cl\/index.php?rest_route=%2Fwp%2Fv2%2Ftags&post=99695"}],"curies":[{"name":"wp","href":"https:\/\/api.w.org\/{rel}","templated":true}]}}