{"id":99692,"date":"2026-03-16T11:12:29","date_gmt":"2026-03-16T14:12:29","guid":{"rendered":"https:\/\/www.radioamigavallenar.cl\/?p=99692"},"modified":"2026-03-16T11:12:29","modified_gmt":"2026-03-16T14:12:29","slug":"sag-aumenta-vigilancia-en-caballos-tras-confirmar-primer-caso-de-anemia-infecciosa-equina-en-atacama","status":"publish","type":"post","link":"https:\/\/www.radioamigavallenar.cl\/?p=99692","title":{"rendered":"SAG aumenta vigilancia en caballos tras confirmar   primer caso de anemia infecciosa equina en Atacama"},"content":{"rendered":"<p>Tras confirmarse, a trav\u00e9s de an\u00e1lisis en el Laboratorio Lo Aguirre, el primer caso de Anemia Infecciosa Equina (AIE) en la regi\u00f3n de Atacama, el Servicio Agr\u00edcola y Ganadero (SAG), hizo un llamado a propietarios y encargados de caballos, burros y mulas (\u00e9quidos), a reforzar el manejo sanitario de sus animales y tomar los resguardos en el caso de trasladarlos desde y hacia zonas afectadas por la enfermedad.<\/p>\n<p>El caballo afectado corresponde a la comuna de Freirina, en un predio donde se mantienen m\u00e1s ejemplares, por lo que se ejecutaron los protocolos sanitarios correspondientes e instruidos por la Organizaci\u00f3n Mundial de Sanidad Animal (OMSA) para evitar la propagaci\u00f3n de la enfermedad y se activ\u00f3 una cuarentena que proh\u00edbe la entrada y salida de \u00e9quidos del lugar, manteni\u00e9ndose la vigilancia cl\u00ednica de los ejemplares.<\/p>\n<p>La AIE es una enfermedad viral grave que afecta solo a los \u00e9quidos y que se encuentra presente en varias regiones del pa\u00eds, por lo cual el SAG estableci\u00f3 emergencia zoosanitaria en Chile desde inicios del a\u00f1o pasado. La AIE no implica riesgos para el ser humano ni para otras especies, no tiene cura, vacuna ni tratamiento, siendo una amenaza para la sanidad de la poblaci\u00f3n equina del pa\u00eds.<\/p>\n<p>&nbsp;<\/p>\n<p style=\"text-align: center;\"><strong>Medidas de prevenci\u00f3n<\/strong><\/p>\n<p>En cuanto a las medidas de prevenci\u00f3n, el SAG reitera la importancia de que todo traslado de caballos, burros o mulas, se haga acompa\u00f1ado del documento Formulario de Movimiento Animal (FMA), para tener un control sobre el movimiento de los animales y reducir el riesgo de contagio considerando la condici\u00f3n sanitaria de cada zona.<\/p>\n<p>As\u00ed tambi\u00e9n, entre las medidas de manejo que los tenedores y tenedoras de equinos deben tener en cuenta es no compartir ni agujas ni jeringas entre animales y desinfectar rigurosamente frenos, bocados, herramientas de herraje, endoscopios y cualquier otro implemento antes de utilizarlo con otro ejemplar.<\/p>\n<p style=\"text-align: center;\"><strong>Vigilancia del SAG<\/strong><\/p>\n<p>Desde 2025 SAG Atacama ha reforzado sus actividades de vigilancia en la regi\u00f3n, y a contar de este a\u00f1o se han focalizado en poblaciones de riesgo ligadas al \u00e1mbito deportivo ecuestre, donde se ha concentrado los casos de la enfermedad en el pa\u00eds. En lo que van del a\u00f1o se han obtenido muestra de sangre de casi 150 \u00e9quidos, lleg\u00e1ndose hasta 44 predios en la regi\u00f3n.<\/p>\n<p>Ante signos como fiebre, palidez o hinchaz\u00f3n en las patas o el pecho, se recomienda dar aviso al SAG en Copiap\u00f3 o Vallenar presencialmente en las oficinas del Servicio o a trav\u00e9s del mail <a href=\"mailto:contacto.atacama@sag.gob.cl\">contacto.atacama@sag.gob.cl<\/a>. As\u00ed tambi\u00e9n, si se sospecha o se tiene conocimiento de ingreso ilegal de equinos o incumplimiento con las buenas pr\u00e1cticas\u00a0cl\u00ednicas que puedan favorecer la propagaci\u00f3n del virus, que haga la denuncia correspondiente ante el SAG.<\/p>\n<p>&nbsp;<\/p>\n","protected":false},"excerpt":{"rendered":"<p>Tras confirmarse, a trav\u00e9s de an\u00e1lisis en el Laboratorio Lo Aguirre, el primer caso de Anemia Infecciosa Equina (AIE) en la regi\u00f3n de Atacama, el&hellip; <\/p>\n","protected":false},"author":7,"featured_media":99693,"comment_status":"closed","ping_status":"closed","sticky":false,"template":"","format":"standard","meta":{"footnotes":""},"categories":[7],"tags":[],"class_list":["post-99692","post","type-post","status-publish","format-standard","has-post-thumbnail","hentry","category-atacama"],"_links":{"self":[{"href":"https:\/\/www.radioamigavallenar.cl\/index.php?rest_route=\/wp\/v2\/posts\/99692","targetHints":{"allow":["GET"]}}],"collection":[{"href":"https:\/\/www.radioamigavallenar.cl\/index.php?rest_route=\/wp\/v2\/posts"}],"about":[{"href":"https:\/\/www.radioamigavallenar.cl\/index.php?rest_route=\/wp\/v2\/types\/post"}],"author":[{"embeddable":true,"href":"https:\/\/www.radioamigavallenar.cl\/index.php?rest_route=\/wp\/v2\/users\/7"}],"replies":[{"embeddable":true,"href":"https:\/\/www.radioamigavallenar.cl\/index.php?rest_route=%2Fwp%2Fv2%2Fcomments&post=99692"}],"version-history":[{"count":1,"href":"https:\/\/www.radioamigavallenar.cl\/index.php?rest_route=\/wp\/v2\/posts\/99692\/revisions"}],"predecessor-version":[{"id":99694,"href":"https:\/\/www.radioamigavallenar.cl\/index.php?rest_route=\/wp\/v2\/posts\/99692\/revisions\/99694"}],"wp:featuredmedia":[{"embeddable":true,"href":"https:\/\/www.radioamigavallenar.cl\/index.php?rest_route=\/wp\/v2\/media\/99693"}],"wp:attachment":[{"href":"https:\/\/www.radioamigavallenar.cl\/index.php?rest_route=%2Fwp%2Fv2%2Fmedia&parent=99692"}],"wp:term":[{"taxonomy":"category","embeddable":true,"href":"https:\/\/www.radioamigavallenar.cl\/index.php?rest_route=%2Fwp%2Fv2%2Fcategories&post=99692"},{"taxonomy":"post_tag","embeddable":true,"href":"https:\/\/www.radioamigavallenar.cl\/index.php?rest_route=%2Fwp%2Fv2%2Ftags&post=99692"}],"curies":[{"name":"wp","href":"https:\/\/api.w.org\/{rel}","templated":true}]}}