{"id":99689,"date":"2026-03-16T10:42:34","date_gmt":"2026-03-16T13:42:34","guid":{"rendered":"https:\/\/www.radioamigavallenar.cl\/?p=99689"},"modified":"2026-03-16T10:42:34","modified_gmt":"2026-03-16T13:42:34","slug":"el-plan-de-kast-para-la-educacion-superior-limitar-la-gratuidad-y-descartar-el-fes","status":"publish","type":"post","link":"https:\/\/www.radioamigavallenar.cl\/?p=99689","title":{"rendered":"El plan de Kast para la educaci\u00f3n superior: limitar la gratuidad y descartar el FES"},"content":{"rendered":"<p><strong>No apoyar al Fondo de Educaci\u00f3n Superior (FES) de Boric, limitar la gratuidad<\/strong>\u00a0<strong>y proponer nuevos mecanismos<\/strong>\u00a0<strong>para el cobro del CAE\u00a0<\/strong>figuran como las primeras iniciativas del Gobierno del Presidente Jos\u00e9 Antonio Kast\u00a0<strong>en materia educacional,<\/strong>\u00a0que fueron presentadas en el bullado\u00a0<strong>megaproyecto de reconstrucci\u00f3n<\/strong>\u00a0que anunci\u00f3 el Presidente el s\u00e1bado.<\/p>\n<p>Con estas propuestas\u00a0-y entre muchas otras-,\u00a0<strong>el Ejecutivo busca una mayor recaudaci\u00f3n fiscal<\/strong>\u00a0a ra\u00edz del\u00a0<strong>d\u00e9ficit del 3,6%<\/strong>\u00a0del PIB heredado del Gobierno anterior; y\u00a0<strong>financiar la soluci\u00f3n habitacional<\/strong>\u00a0en las regiones de\u00a0<strong>Valpara\u00edso, \u00d1uble<\/strong>\u00a0y\u00a0<strong>Biob\u00edo,<\/strong>\u00a0cifrada por Hacienda en<strong>\u00a0mil millones de d\u00f3lares.\u00a0<\/strong><\/p>\n<h2 style=\"text-align: center;\"><strong>L\u00edmites a la gratuidad<\/strong><\/h2>\n<p>A fin de evitar mayor estr\u00e9s fiscal, La Moneda propone\u00a0<strong>limitar la gratuidad universitaria a personas menores de 30 a\u00f1os.<\/strong><\/p>\n<p>Sin embargo, el ministro de Hacienda, Jorge Quiroz, aclar\u00f3 que quienes pertenecen a ese rango etario y<strong>\u00a0actualmente estudian con gratuidad\u00a0<\/strong><strong>no perder\u00e1n el beneficio<\/strong>,<strong>\u00a0<\/strong>por lo que la restricci\u00f3n regir\u00e1 cuando el proyecto entre en vigencia como ley.<\/p>\n<p>Asimismo,\u00a0<strong>quienes deseen entrar a carreras t\u00e9cnicas \u00abestar\u00e1n excluidos\u00bb de la restricci\u00f3n,\u00a0<\/strong>ya que, por lo general, son personas \u00abque salieron a trabajar y mantener una familia, y luego pudieron estudiar una carrera\u00bb, dijo el jefe de la billetera fiscal.<\/p>\n<p>Quiroz asegur\u00f3 que estas ideas\u00a0fueron recogidas de la\u00a0<strong>Comisi\u00f3n Asesora para Reformas Estructurales al Gasto P\u00fablico,<\/strong>\u00a0<strong>formada por su antecesor, Mario Marcel;<\/strong>\u00a0y la anterior directora de Presupuestos,<strong>\u00a0Javiera Mart\u00ednez.<\/strong><\/p>\n<p>La instancia tambi\u00e9n estuvo integrada por quienes fueron directores de Presupuestos de Michelle Bachelet,\u00a0<strong>Sergio Granados;<\/strong>\u00a0y de Sebasti\u00e1n Pi\u00f1era,\u00a0<strong>Mat\u00edas Acevedo,<\/strong>\u00a0as\u00ed como tambi\u00e9n la\u00a0<strong>exsubsecretaria de la Mujer Mar\u00eda Jos\u00e9 Abud,<\/strong>\u00a0el acad\u00e9mico experto en pol\u00edticas sociales\u00a0<strong>Osvaldo Larra\u00f1aga<\/strong>\u00a0y la funcionaria de la ONU en Chile\u00a0<strong>Paula Darville,\u00a0<\/strong>seg\u00fan afirm\u00f3\u00a0<em>La Tercera.\u00a0<\/em><\/p>\n<h2 style=\"text-align: center;\"><strong>Fin al FES y revisi\u00f3n de cobros del CAE<\/strong><\/h2>\n<p>El actual ministro de Hacienda confirm\u00f3 que\u00a0<strong>la Administraci\u00f3n Kast no apoyar\u00e1 el Fondo de Educaci\u00f3n Superior (FES),<\/strong>\u00a0promesa de campa\u00f1a del anterior Gobierno de Boric que sigue tramit\u00e1ndose en el Congreso y que\u00a0<strong>buscaba reemplazar al CAE,<\/strong>\u00a0<strong>eliminando el endeudamiento del estudiante<\/strong>\u00a0y permiti\u00e9ndole devolver al Estado el pago de su carrera una vez que estuviera trabajando.<\/p>\n<p>De acuerdo con Quiroz,\u00a0<strong>el monto que se le debe al Estado por cobros no pagados del CAE \u00abes un problema importante\u00bb,<\/strong>\u00a0ya que en 2019 alcanz\u00f3 cifras pendientes de\u00a0<strong>550 mil millones de d\u00f3lares\u00a0<\/strong>y, actualmente, ascienden a\u00a0<strong>cuatro billones de pesos chilenos.\u00a0<\/strong><\/p>\n<p>Quienes integran esta deuda en su mayor\u00eda son\u00a0<strong>profesionales de altos ingresos<\/strong>\u00a0y\u00a0<strong>personas que est\u00e1n evadiendo la retenci\u00f3n<\/strong>\u00a0que hace el SII, cuyos datos fueron cruzados con los de Tesorer\u00eda, afirm\u00f3 el economista.<\/p>\n<p>Por ello, como medida,\u00a0<strong>se aplicar\u00e1 un descuento por planilla:<\/strong>\u00a0\u00abA nosotros nos molesta -y al pa\u00eds le deber\u00eda molestar-\u00a0<strong>las personas de altos ingresos que pueden pagar y no est\u00e9n pagando.<\/strong>\u00a0Eso le est\u00e1 quitando gasto social al pa\u00eds\u00bb, asever\u00f3 Quiroz.<\/p>\n","protected":false},"excerpt":{"rendered":"<p>No apoyar al Fondo de Educaci\u00f3n Superior (FES) de Boric, limitar la gratuidad\u00a0y proponer nuevos mecanismos\u00a0para el cobro del CAE\u00a0figuran como las primeras iniciativas del&hellip; <\/p>\n","protected":false},"author":7,"featured_media":99690,"comment_status":"closed","ping_status":"closed","sticky":false,"template":"","format":"standard","meta":{"footnotes":""},"categories":[37],"tags":[],"class_list":["post-99689","post","type-post","status-publish","format-standard","has-post-thumbnail","hentry","category-nacional"],"_links":{"self":[{"href":"https:\/\/www.radioamigavallenar.cl\/index.php?rest_route=\/wp\/v2\/posts\/99689","targetHints":{"allow":["GET"]}}],"collection":[{"href":"https:\/\/www.radioamigavallenar.cl\/index.php?rest_route=\/wp\/v2\/posts"}],"about":[{"href":"https:\/\/www.radioamigavallenar.cl\/index.php?rest_route=\/wp\/v2\/types\/post"}],"author":[{"embeddable":true,"href":"https:\/\/www.radioamigavallenar.cl\/index.php?rest_route=\/wp\/v2\/users\/7"}],"replies":[{"embeddable":true,"href":"https:\/\/www.radioamigavallenar.cl\/index.php?rest_route=%2Fwp%2Fv2%2Fcomments&post=99689"}],"version-history":[{"count":1,"href":"https:\/\/www.radioamigavallenar.cl\/index.php?rest_route=\/wp\/v2\/posts\/99689\/revisions"}],"predecessor-version":[{"id":99691,"href":"https:\/\/www.radioamigavallenar.cl\/index.php?rest_route=\/wp\/v2\/posts\/99689\/revisions\/99691"}],"wp:featuredmedia":[{"embeddable":true,"href":"https:\/\/www.radioamigavallenar.cl\/index.php?rest_route=\/wp\/v2\/media\/99690"}],"wp:attachment":[{"href":"https:\/\/www.radioamigavallenar.cl\/index.php?rest_route=%2Fwp%2Fv2%2Fmedia&parent=99689"}],"wp:term":[{"taxonomy":"category","embeddable":true,"href":"https:\/\/www.radioamigavallenar.cl\/index.php?rest_route=%2Fwp%2Fv2%2Fcategories&post=99689"},{"taxonomy":"post_tag","embeddable":true,"href":"https:\/\/www.radioamigavallenar.cl\/index.php?rest_route=%2Fwp%2Fv2%2Ftags&post=99689"}],"curies":[{"name":"wp","href":"https:\/\/api.w.org\/{rel}","templated":true}]}}