{"id":99687,"date":"2026-03-16T09:49:12","date_gmt":"2026-03-16T12:49:12","guid":{"rendered":"https:\/\/www.radioamigavallenar.cl\/?p=99687"},"modified":"2026-03-16T09:49:12","modified_gmt":"2026-03-16T12:49:12","slug":"se-declara-alerta-temprana-preventiva-para-las-comunas-de-huasco-y-freirina-por-viento","status":"publish","type":"post","link":"https:\/\/www.radioamigavallenar.cl\/?p=99687","title":{"rendered":"Se declara Alerta Temprana Preventiva para las comunas de Huasco y Freirina por viento"},"content":{"rendered":"<p>De acuerdo con la informaci\u00f3n proporcionada por la Direcci\u00f3n Meteorol\u00f3gica de Chile (DMC), se encuentra vigente el siguiente alertamiento para la Regi\u00f3n de Atacama:<\/p>\n<table>\n<tbody>\n<tr>\n<td><strong>Alertamiento<\/strong><\/td>\n<td><strong>Pron\u00f3stico<\/strong><\/td>\n<td><strong>Inicio<\/strong><\/td>\n<td><strong>Fin<\/strong><\/td>\n<\/tr>\n<tr>\n<td>Aviso A127<\/td>\n<td>Viento normal a moderado (entre 40 y 60 km\/h) en litoral de la Provincia del Huasco<\/td>\n<td>17-03<\/td>\n<td>17-03<\/td>\n<\/tr>\n<\/tbody>\n<\/table>\n<p>En consideraci\u00f3n a este antecedente y en coordinaci\u00f3n con la Delegaci\u00f3n Presidencial Regional de Atacama, la Direcci\u00f3n Regional del SENAPRED\u00a0<strong>declara Alerta Temprana Preventiva por viento para las comunas de Huasco y Freirina,<\/strong>\u00a0vigente a contar de hoy y hasta que las condiciones as\u00ed lo ameriten.<\/p>\n<p>La declaraci\u00f3n de esta alerta se constituye como un estado de reforzamiento de la vigilancia, mediante el monitoreo preciso y riguroso de las condiciones de riesgo y las respectivas vulnerabilidades asociadas a la amenaza, coordinando y activando al Sistema Nacional de Prevenci\u00f3n y Respuesta ante Desastres (SINAPRED) con el fin de actuar oportunamente frente a eventuales situaciones de emergencia.<\/p>\n","protected":false},"excerpt":{"rendered":"<p>De acuerdo con la informaci\u00f3n proporcionada por la Direcci\u00f3n Meteorol\u00f3gica de Chile (DMC), se encuentra vigente el siguiente alertamiento para la Regi\u00f3n de Atacama: Alertamiento&hellip; <\/p>\n","protected":false},"author":7,"featured_media":71160,"comment_status":"closed","ping_status":"closed","sticky":false,"template":"","format":"standard","meta":{"footnotes":""},"categories":[7],"tags":[],"class_list":["post-99687","post","type-post","status-publish","format-standard","has-post-thumbnail","hentry","category-atacama"],"_links":{"self":[{"href":"https:\/\/www.radioamigavallenar.cl\/index.php?rest_route=\/wp\/v2\/posts\/99687","targetHints":{"allow":["GET"]}}],"collection":[{"href":"https:\/\/www.radioamigavallenar.cl\/index.php?rest_route=\/wp\/v2\/posts"}],"about":[{"href":"https:\/\/www.radioamigavallenar.cl\/index.php?rest_route=\/wp\/v2\/types\/post"}],"author":[{"embeddable":true,"href":"https:\/\/www.radioamigavallenar.cl\/index.php?rest_route=\/wp\/v2\/users\/7"}],"replies":[{"embeddable":true,"href":"https:\/\/www.radioamigavallenar.cl\/index.php?rest_route=%2Fwp%2Fv2%2Fcomments&post=99687"}],"version-history":[{"count":1,"href":"https:\/\/www.radioamigavallenar.cl\/index.php?rest_route=\/wp\/v2\/posts\/99687\/revisions"}],"predecessor-version":[{"id":99688,"href":"https:\/\/www.radioamigavallenar.cl\/index.php?rest_route=\/wp\/v2\/posts\/99687\/revisions\/99688"}],"wp:featuredmedia":[{"embeddable":true,"href":"https:\/\/www.radioamigavallenar.cl\/index.php?rest_route=\/wp\/v2\/media\/71160"}],"wp:attachment":[{"href":"https:\/\/www.radioamigavallenar.cl\/index.php?rest_route=%2Fwp%2Fv2%2Fmedia&parent=99687"}],"wp:term":[{"taxonomy":"category","embeddable":true,"href":"https:\/\/www.radioamigavallenar.cl\/index.php?rest_route=%2Fwp%2Fv2%2Fcategories&post=99687"},{"taxonomy":"post_tag","embeddable":true,"href":"https:\/\/www.radioamigavallenar.cl\/index.php?rest_route=%2Fwp%2Fv2%2Ftags&post=99687"}],"curies":[{"name":"wp","href":"https:\/\/api.w.org\/{rel}","templated":true}]}}