{"id":99684,"date":"2026-03-16T09:40:37","date_gmt":"2026-03-16T12:40:37","guid":{"rendered":"https:\/\/www.radioamigavallenar.cl\/?p=99684"},"modified":"2026-03-16T09:40:37","modified_gmt":"2026-03-16T12:40:37","slug":"gran-marco-de-publico-marco-cierre-de-verano-en-parque-los-sauces-de-alto-del-carmen","status":"publish","type":"post","link":"https:\/\/www.radioamigavallenar.cl\/?p=99684","title":{"rendered":"Gran marco de p\u00fablico marc\u00f3 cierre de verano en Parque Los Sauces de Alto del Carmen"},"content":{"rendered":"<p data-pm-slice=\"1 1 []\">Con una alta asistencia de p\u00fablico se desarroll\u00f3 el cierre de las actividades de verano en el Parque Los Sauces de la comuna de Alto del Carmen, jornada que reuni\u00f3 a vecinos, vecinas y visitantes en torno a la m\u00fasica, el emprendimiento local y la entretenci\u00f3n familiar.<\/p>\n<p>Durante la actividad participaron m\u00e1s de 40 emprendedores que ofrecieron diversos productos, dando vida a una feria donde destacaron iniciativas y elaboraciones provenientes de distintos sectores de la comuna.<\/p>\n<p>El espect\u00e1culo musical comenz\u00f3 con la presentaci\u00f3n del grupo de cumbia Apuesta Ilegal, para luego dar paso a la final de la competencia de canto. Posteriormente, el escenario recibi\u00f3 la m\u00fasica andina del conjunto Jila Pacha, cerrando la jornada con el show estelar de L\u00edderes de Chile.<\/p>\n<p>En la competencia musical, el primer lugar fue para Katherine P\u00e9rez de La Torre, representando a San F\u00e9lix; el segundo lugar lo obtuvo Juan Francisco, representante de Juntas de Valeriano; mientras que el tercer puesto fue para Wenseslado Alcayaga, de Chig\u00fcinto.<\/p>\n<p>Los ganadores recibieron sus premios de manos del alcalde Cristian Olivares junto a integrantes del concejo municipal.<\/p>\n<p>La actividad marc\u00f3 adem\u00e1s el cierre de las denominadas \u201cRondas de Verano\u201d, iniciativa que llev\u00f3 actividades culturales y recreativas a diversas localidades de la comuna durante la temporada estival, muchas de ellas impulsadas por organizaciones comunitarias con apoyo del presupuesto municipal.<\/p>\n","protected":false},"excerpt":{"rendered":"<p>Con una alta asistencia de p\u00fablico se desarroll\u00f3 el cierre de las actividades de verano en el Parque Los Sauces de la comuna de Alto&hellip; <\/p>\n","protected":false},"author":7,"featured_media":99685,"comment_status":"closed","ping_status":"closed","sticky":false,"template":"","format":"standard","meta":{"footnotes":""},"categories":[7],"tags":[],"class_list":["post-99684","post","type-post","status-publish","format-standard","has-post-thumbnail","hentry","category-atacama"],"_links":{"self":[{"href":"https:\/\/www.radioamigavallenar.cl\/index.php?rest_route=\/wp\/v2\/posts\/99684","targetHints":{"allow":["GET"]}}],"collection":[{"href":"https:\/\/www.radioamigavallenar.cl\/index.php?rest_route=\/wp\/v2\/posts"}],"about":[{"href":"https:\/\/www.radioamigavallenar.cl\/index.php?rest_route=\/wp\/v2\/types\/post"}],"author":[{"embeddable":true,"href":"https:\/\/www.radioamigavallenar.cl\/index.php?rest_route=\/wp\/v2\/users\/7"}],"replies":[{"embeddable":true,"href":"https:\/\/www.radioamigavallenar.cl\/index.php?rest_route=%2Fwp%2Fv2%2Fcomments&post=99684"}],"version-history":[{"count":1,"href":"https:\/\/www.radioamigavallenar.cl\/index.php?rest_route=\/wp\/v2\/posts\/99684\/revisions"}],"predecessor-version":[{"id":99686,"href":"https:\/\/www.radioamigavallenar.cl\/index.php?rest_route=\/wp\/v2\/posts\/99684\/revisions\/99686"}],"wp:featuredmedia":[{"embeddable":true,"href":"https:\/\/www.radioamigavallenar.cl\/index.php?rest_route=\/wp\/v2\/media\/99685"}],"wp:attachment":[{"href":"https:\/\/www.radioamigavallenar.cl\/index.php?rest_route=%2Fwp%2Fv2%2Fmedia&parent=99684"}],"wp:term":[{"taxonomy":"category","embeddable":true,"href":"https:\/\/www.radioamigavallenar.cl\/index.php?rest_route=%2Fwp%2Fv2%2Fcategories&post=99684"},{"taxonomy":"post_tag","embeddable":true,"href":"https:\/\/www.radioamigavallenar.cl\/index.php?rest_route=%2Fwp%2Fv2%2Ftags&post=99684"}],"curies":[{"name":"wp","href":"https:\/\/api.w.org\/{rel}","templated":true}]}}