{"id":99678,"date":"2026-03-16T08:44:22","date_gmt":"2026-03-16T11:44:22","guid":{"rendered":"https:\/\/www.radioamigavallenar.cl\/?p=99678"},"modified":"2026-03-16T08:46:52","modified_gmt":"2026-03-16T11:46:52","slug":"todos-protegidos-personal-publico-de-salud-en-atacama-lidera-cobertura-mas-alta-de-vacunacion-influenza-a-nivel-pais","status":"publish","type":"post","link":"https:\/\/www.radioamigavallenar.cl\/?p=99678","title":{"rendered":"Todos protegidos: Personal P\u00fablico de Salud en Atacama lidera cobertura m\u00e1s alta de vacunaci\u00f3n Influenza a nivel pa\u00eds"},"content":{"rendered":"<p>Con el objetivo de disminuir los riesgos de contagio que pueda tener el personal sanitario y de esta forma mantener operativa la Red Asistencial para brindar atenci\u00f3n a los usuarios y usuarias, es que resulta de vital importancia que el personal de salud cuente con su inmunidad al d\u00eda contra la Influenza.<\/p>\n<p>\u201cEstamos muy contentos con la cobertura de vacunaci\u00f3n contra la Influenza que lideran los funcionarios de nuestra Red Asistencial de la regi\u00f3n, ya que a pocos d\u00edas de comenzar con la campa\u00f1a ya hemos logrado un 51.61% siendo la m\u00e1s alta a nivel pa\u00eds de su grupo objetivo. Agradecemos el compromiso que adquieren nuestros funcionarios y funcionarias, ya que el personal de salud est\u00e1 expuesto a distintos virus, sobre todo respiratorios en esta \u00e9poca, en especial Influenza. Al atender usuarios est\u00e1n expuestos a este tipo de infecciones, por lo que la invitaci\u00f3n es a los funcionarios y funcionarias que a\u00fan no han realizado su vacunaci\u00f3n, que lo realicen a la brevedad para que as\u00ed cuenten con su inmunidad y de esa manera podamos evitar que enfermen gravemente\u201d expres\u00f3 el Director del Servicio de Salud Atacama, Bernardo Villablanca Llanos.<\/p>\n<p>En este contexto, la regi\u00f3n de Atacama presenta la cobertura m\u00e1s alta del grupo objetivo de los funcionarios p\u00fablicos de la salud a nivel pa\u00eds con un 51.61%, seguido por la regi\u00f3n del Magallanes con un 49.45%. En tanto los funcionarios de la salud del sector privado presentan un 40.52%. Por lo que, en este sentido, Marjorie Fuentes D\u00edaz, encargada del Programa de Inmunizaciones del SSA explic\u00f3 que: \u201cNuestro llamado es a que todos los equipos de salud, sin importar d\u00f3nde trabajen, se vacunen y se protejan a s\u00ed mismos y a sus usuarios, contribuyendo as\u00ed a reducir el impacto de esta enfermedad en la comunidad.\u201d<\/p>\n<div class=\"code-block code-block-3\">\n<div id=\"sas_99435\"><\/div>\n<\/div>\n<p>La enfermedad de la influenza puede ser asintom\u00e1tica hasta una infecci\u00f3n grave. El per\u00edodo de incubaci\u00f3n de la influenza suele ser de 2 d\u00edas, pero puede variar de 1 a 4 d\u00edas. Los s\u00edntomas respiratorios incluyen tos, dolor de garganta y secreci\u00f3n o congesti\u00f3n nasal, los s\u00edntomas sist\u00e9micos generalmente corresponden a fiebre, escalofr\u00edos, dolor de cabeza, malestar general y mialgia, tambi\u00e9n pueden ocurrir v\u00f3mitos y diarrea, especialmente en ni\u00f1os\/as.<\/p>\n<p>Algunas personas pueden presentar complicaciones, las m\u00e1s comunes incluyen neumon\u00eda bacteriana secundaria, exacerbaciones de afecciones respiratorias subyacentes, otitis media, laringotraqueobronquitis y bronquitis.<\/p>\n<p>La mayor\u00eda de las complicaciones graves y muertes a causa de la influenza generalmente ocurren entre personas de 65 a\u00f1os o m\u00e1s. Otras personas de riesgo son aquellas con enfermedades cr\u00f3nicas, gestantes y ni\u00f1os\/as, especialmente los menores de 2 a\u00f1os.<\/p>\n<p>De esta forma, nuestra regi\u00f3n est\u00e1 teniendo un nuevo impulso en la campa\u00f1a de inoculaci\u00f3n con la Influenza, a trav\u00e9s del cual se espera incrementar logrando el 85% de funcionarios y funcionarias inoculadas. Es por ello que el personal puede acercarse a los vacunatorios de sus establecimientos para recibir dicha inmunizaci\u00f3n y las personas que son parte de los grupos objetivos pueden acudir a su Cesfam m\u00e1s cercano para recibir dicha inmunizaci\u00f3n.<\/p>\n","protected":false},"excerpt":{"rendered":"<p>Con el objetivo de disminuir los riesgos de contagio que pueda tener el personal sanitario y de esta forma mantener operativa la Red Asistencial para&hellip; <\/p>\n","protected":false},"author":7,"featured_media":99679,"comment_status":"closed","ping_status":"closed","sticky":false,"template":"","format":"standard","meta":{"footnotes":""},"categories":[7],"tags":[],"class_list":["post-99678","post","type-post","status-publish","format-standard","has-post-thumbnail","hentry","category-atacama"],"_links":{"self":[{"href":"https:\/\/www.radioamigavallenar.cl\/index.php?rest_route=\/wp\/v2\/posts\/99678","targetHints":{"allow":["GET"]}}],"collection":[{"href":"https:\/\/www.radioamigavallenar.cl\/index.php?rest_route=\/wp\/v2\/posts"}],"about":[{"href":"https:\/\/www.radioamigavallenar.cl\/index.php?rest_route=\/wp\/v2\/types\/post"}],"author":[{"embeddable":true,"href":"https:\/\/www.radioamigavallenar.cl\/index.php?rest_route=\/wp\/v2\/users\/7"}],"replies":[{"embeddable":true,"href":"https:\/\/www.radioamigavallenar.cl\/index.php?rest_route=%2Fwp%2Fv2%2Fcomments&post=99678"}],"version-history":[{"count":1,"href":"https:\/\/www.radioamigavallenar.cl\/index.php?rest_route=\/wp\/v2\/posts\/99678\/revisions"}],"predecessor-version":[{"id":99680,"href":"https:\/\/www.radioamigavallenar.cl\/index.php?rest_route=\/wp\/v2\/posts\/99678\/revisions\/99680"}],"wp:featuredmedia":[{"embeddable":true,"href":"https:\/\/www.radioamigavallenar.cl\/index.php?rest_route=\/wp\/v2\/media\/99679"}],"wp:attachment":[{"href":"https:\/\/www.radioamigavallenar.cl\/index.php?rest_route=%2Fwp%2Fv2%2Fmedia&parent=99678"}],"wp:term":[{"taxonomy":"category","embeddable":true,"href":"https:\/\/www.radioamigavallenar.cl\/index.php?rest_route=%2Fwp%2Fv2%2Fcategories&post=99678"},{"taxonomy":"post_tag","embeddable":true,"href":"https:\/\/www.radioamigavallenar.cl\/index.php?rest_route=%2Fwp%2Fv2%2Ftags&post=99678"}],"curies":[{"name":"wp","href":"https:\/\/api.w.org\/{rel}","templated":true}]}}