{"id":99675,"date":"2026-03-16T08:42:59","date_gmt":"2026-03-16T11:42:59","guid":{"rendered":"https:\/\/www.radioamigavallenar.cl\/?p=99675"},"modified":"2026-03-16T08:42:59","modified_gmt":"2026-03-16T11:42:59","slug":"ministro-quiroz-instruira-recorte-del-3-a-cada-ministerio-este-lunes","status":"publish","type":"post","link":"https:\/\/www.radioamigavallenar.cl\/?p=99675","title":{"rendered":"Ministro Quiroz instruir\u00e1 recorte del 3% a cada ministerio este lunes"},"content":{"rendered":"<p>El ministro de Hacienda, Jorge Quiroz,\u00a0anunci\u00f3 que este lunes\u00a0firmar\u00e1 un oficio que instruir\u00e1\u00a0un recorte del 3% en el presupuesto de todos los ministerios,\u00a0que se complementar\u00e1 con una reducci\u00f3n de mil millones de d\u00f3lares ajustado a la capacidad de cada cartera.<\/p>\n<p>el jefe de la billetera fiscal justific\u00f3 la decisi\u00f3n ante la necesidad de solucionar la \u00abfalta de caja fiscal\u00bb\u00a0que, seg\u00fan acus\u00f3,\u00a0fue heredada del Gobierno de Gabriel Boric. La medida se enmarca\u00a0dentro del plan del Gobierno\u00a0para ahorrar 6.000 millones de d\u00f3lares\u00a0de gasto p\u00fablico.<\/p>\n<p>El diputado Patricio Briones (PDG), cuyo partido ser\u00e1 clave en las votaciones de este tema en el Congreso, destac\u00f3 que los \u00abrecortes presupuestarios para los ministerios y servicios p\u00fablicos del 3%, que quiere impulsar el Ministro Quiroz,\u00a0equivaldr\u00edan pr\u00e1cticamente a m\u00e1s de 3.000 millones de d\u00f3lares al a\u00f1o\u00bb.<\/p>\n<p>\u00abEs una cifra no menor, entendiendo que el plan maestro del Gobierno entrante de Jos\u00e9 Antonio Kast utilizar\u00eda, justamente,\u00a0la reconstrucci\u00f3n de lo que fueron las comunas de Penco, Lirqu\u00e9n, parte de Tom\u00e9\u00a0y as\u00ed tambi\u00e9n Concepci\u00f3n con los incendios de enero pasado. Eso a su vez ayudar\u00eda mucho a sanear un poco las arcas fiscales, entendiendo que el gobierno saliente dej\u00f3 pr\u00e1cticamente este \u00edtem en n\u00fameros rojos\u00bb, subray\u00f3 el parlamentario.<\/p>\n<p>El biministro de Econom\u00eda y Miner\u00eda, Daniel Mas, se\u00f1al\u00f3 en conversaci\u00f3n con\u00a0<em>El Mercurio<\/em>\u00a0que durante su gesti\u00f3n preferir\u00e1n priorizar 100.000 empleos en vez de\u00a0\u00abtres arbolitos\u00bb, lo que aumenta el ambiente crispado en el Congreso.<\/p>\n<p>En esa l\u00ednea,\u00a0el diputado Roberto Arroyo (Partido Social Cristiano)\u00a0respald\u00f3 los dichos de Mas: \u00abEstoy completamente de acuerdo con el biministro, ya que durante a\u00f1os hemos visto c\u00f3mo proyectos que generan empleo y desarrollo quedan atrapados en una burocracia ambiental.\u00a0Por eso creemos que es necesario avanzar en una reforma legal al Sistema de Evaluaci\u00f3n Ambiental para proteger la naturaleza sin seguir frenando el desarrollo\u00a0y las oportunidades en las regiones\u00bb, asever\u00f3.<\/p>\n<p>Por su parte,\u00a0el diputado Boris Barrera (PC)\u00a0critic\u00f3 la postura del biministro y se\u00f1al\u00f3 que \u00abcuando nos encontramos con personas, t\u00e9cnicos, que est\u00e1n preocupados solamente del dinero,\u00a0empiezan a aparecer zonas de sacrificio como Quintero, como Puchuncav\u00ed,\u00a0por ejemplo. Quiero decirle al ministro que hay leyes que tiene que respetar y tambi\u00e9n va a haber un Congreso que va a estar atento a que \u00e9l no se salte ni una norma\u00bb.<\/p>\n<h2 style=\"text-align: center;\">\u00abUna dicotom\u00eda falsa\u00bb<\/h2>\n<p>El soci\u00f3logo Pablo Pinto, exseremi de Medio Ambiente, enfatiz\u00f3 que la econom\u00eda y la pol\u00edtica ambiental no deber\u00edan ser excluyentes.<\/p>\n<p>\u00abLo que se plantea muchas veces es una dicotom\u00eda falsa. No es contradictorio el crecimiento econ\u00f3mico con el cuidado del medio ambiente; pueden ir en la misma l\u00ednea. Y a prop\u00f3sito de lo que se ha planteado,\u00a0esto es mucho m\u00e1s que la caricatura que se hace acerca de &#8216;algunos arbolitos'\u00bb, indic\u00f3.<\/p>\n<p>\u00abExiste la suficiente evidencia de la necesaria protecci\u00f3n que debemos hacer del medio ambiente y el Estado tiene una responsabilidad con eso, porque pensemos aqu\u00ed que esto no tiene que ver con algo que est\u00e1 ajeno a la calidad de vida de las personas, sino que es algo que est\u00e1 asociado directamente con la salud\u00bb, apunt\u00f3 el experto.<\/p>\n","protected":false},"excerpt":{"rendered":"<p>El ministro de Hacienda, Jorge Quiroz,\u00a0anunci\u00f3 que este lunes\u00a0firmar\u00e1 un oficio que instruir\u00e1\u00a0un recorte del 3% en el presupuesto de todos los ministerios,\u00a0que se complementar\u00e1&hellip; <\/p>\n","protected":false},"author":7,"featured_media":99676,"comment_status":"closed","ping_status":"closed","sticky":false,"template":"","format":"standard","meta":{"footnotes":""},"categories":[37],"tags":[],"class_list":["post-99675","post","type-post","status-publish","format-standard","has-post-thumbnail","hentry","category-nacional"],"_links":{"self":[{"href":"https:\/\/www.radioamigavallenar.cl\/index.php?rest_route=\/wp\/v2\/posts\/99675","targetHints":{"allow":["GET"]}}],"collection":[{"href":"https:\/\/www.radioamigavallenar.cl\/index.php?rest_route=\/wp\/v2\/posts"}],"about":[{"href":"https:\/\/www.radioamigavallenar.cl\/index.php?rest_route=\/wp\/v2\/types\/post"}],"author":[{"embeddable":true,"href":"https:\/\/www.radioamigavallenar.cl\/index.php?rest_route=\/wp\/v2\/users\/7"}],"replies":[{"embeddable":true,"href":"https:\/\/www.radioamigavallenar.cl\/index.php?rest_route=%2Fwp%2Fv2%2Fcomments&post=99675"}],"version-history":[{"count":1,"href":"https:\/\/www.radioamigavallenar.cl\/index.php?rest_route=\/wp\/v2\/posts\/99675\/revisions"}],"predecessor-version":[{"id":99677,"href":"https:\/\/www.radioamigavallenar.cl\/index.php?rest_route=\/wp\/v2\/posts\/99675\/revisions\/99677"}],"wp:featuredmedia":[{"embeddable":true,"href":"https:\/\/www.radioamigavallenar.cl\/index.php?rest_route=\/wp\/v2\/media\/99676"}],"wp:attachment":[{"href":"https:\/\/www.radioamigavallenar.cl\/index.php?rest_route=%2Fwp%2Fv2%2Fmedia&parent=99675"}],"wp:term":[{"taxonomy":"category","embeddable":true,"href":"https:\/\/www.radioamigavallenar.cl\/index.php?rest_route=%2Fwp%2Fv2%2Fcategories&post=99675"},{"taxonomy":"post_tag","embeddable":true,"href":"https:\/\/www.radioamigavallenar.cl\/index.php?rest_route=%2Fwp%2Fv2%2Ftags&post=99675"}],"curies":[{"name":"wp","href":"https:\/\/api.w.org\/{rel}","templated":true}]}}