{"id":99671,"date":"2026-03-16T08:40:35","date_gmt":"2026-03-16T11:40:35","guid":{"rendered":"https:\/\/www.radioamigavallenar.cl\/?p=99671"},"modified":"2026-03-16T08:40:35","modified_gmt":"2026-03-16T11:40:35","slug":"senadores-piden-acelerar-sala-cuna-universal-gobierno-dice-que-dependera-de-las-finanzas-publicas","status":"publish","type":"post","link":"https:\/\/www.radioamigavallenar.cl\/?p=99671","title":{"rendered":"Senadores piden acelerar Sala Cuna Universal: Gobierno dice que depender\u00e1 de las \u00abfinanzas p\u00fablicas\u00bb"},"content":{"rendered":"<p>Mientras el foco principal sobre cu\u00e1l ser\u00e1 la primera medida del presidente Kast se centra en las reformas tributarias o sectoriales, la presidenta del Senado, Paulina N\u00fa\u00f1ez (RN), abord\u00f3 el proyecto de\u00a0<strong>Sala Cuna Universal<\/strong>\u00a0y confirm\u00f3 la necesidad de la tramitaci\u00f3n y aprobaci\u00f3n de esta ley.<\/p>\n<p>En entrevista con TVN, la senadora manifest\u00f3 que\u00a0<strong>no hay una medida m\u00e1s efectiva<\/strong>\u00a0en materia econ\u00f3mica y reactivaci\u00f3n de empleos que el proyecto de sala cunas.<\/p>\n<p>Recordemos que el presidente Jos\u00e9 Antonio Kast ya hab\u00eda condicionado este proyecto el pasado 12 de marzo, en su primer d\u00eda de gobierno, manifestando que va a depender\u00a0<strong>de las finanzas p\u00fablicas<\/strong>.<\/p>\n<p>Lo anterior, producto del d\u00e9ficit fiscal estructural de Chile que cerr\u00f3 el a\u00f1o 2025 en una cifra de 3,6% del PIB, un n\u00famero hist\u00f3rico para el pa\u00eds, lo que se traduce en alrededor de 13 mil millones de d\u00f3lares de deuda.<\/p>\n<p>Esto ha reformulado el c\u00f3mo se distribuir\u00e1n los fondos p\u00fablicos. El ministro de la Secretar\u00eda General de la Presidencia, Jos\u00e9 Garc\u00eda Ruminot, dijo que el Gobierno mantiene su inter\u00e9s por avanzar en este proyecto, donde los desacuerdos m\u00e1s que en lo pol\u00edtico, son en materia financiera.<\/p>\n<p>En esa misma l\u00ednea, Pablo Barberis, economista de la Universidad de Chile, dijo que en relaci\u00f3n al financiamiento de este proyecto, si el gobierno busca que sea costeado directamente con presupuesto p\u00fablico, la tarea de los ministerios correspondientes es buscar la manera en que no genere problemas econ\u00f3micos y, sobre todo, que sea sustentable en el largo plazo.<\/p>\n<p>Por su parte, el nuevo vicepresidente del Senado y militante de la UDI, Iv\u00e1n Moreira, manifest\u00f3 la importancia del avance de este proyecto de ley debido a la demanda que ha generado en la ciudadan\u00eda, donde destaca que la discusi\u00f3n viene arrastr\u00e1ndose\u00a0<strong>desde el segundo gobierno del expresidente Sebasti\u00e1n Pi\u00f1era<\/strong>.<\/p>\n<p>El senador UDI manifiesta que es de vital importancia que el proyecto de Sala Cuna Universal sea aprobado durante este 2026, aunque reconoce el trabajo que falta producto de las fallas de financiamiento que posee. Frente a esto \u00faltimo, apunta directamente al gobierno pasado, donde critica el apuro que tuvo este en tramitar la iniciativa durante las \u00faltimas semanas del gobierno de Gabriel Boric.<\/p>\n<p>De la misma manera, la presidenta del Senado, Paulina N\u00fa\u00f1ez, enfatiz\u00f3 en Estado Nacional que espera que el proyecto se materialice dentro de este a\u00f1o, como tambi\u00e9n, tener certezas de sus avances en materia de financiamiento dentro de los pr\u00f3ximos 90 d\u00edas.<\/p>\n","protected":false},"excerpt":{"rendered":"<p>Mientras el foco principal sobre cu\u00e1l ser\u00e1 la primera medida del presidente Kast se centra en las reformas tributarias o sectoriales, la presidenta del Senado,&hellip; <\/p>\n","protected":false},"author":7,"featured_media":99673,"comment_status":"closed","ping_status":"closed","sticky":false,"template":"","format":"standard","meta":{"footnotes":""},"categories":[37],"tags":[],"class_list":["post-99671","post","type-post","status-publish","format-standard","has-post-thumbnail","hentry","category-nacional"],"_links":{"self":[{"href":"https:\/\/www.radioamigavallenar.cl\/index.php?rest_route=\/wp\/v2\/posts\/99671","targetHints":{"allow":["GET"]}}],"collection":[{"href":"https:\/\/www.radioamigavallenar.cl\/index.php?rest_route=\/wp\/v2\/posts"}],"about":[{"href":"https:\/\/www.radioamigavallenar.cl\/index.php?rest_route=\/wp\/v2\/types\/post"}],"author":[{"embeddable":true,"href":"https:\/\/www.radioamigavallenar.cl\/index.php?rest_route=\/wp\/v2\/users\/7"}],"replies":[{"embeddable":true,"href":"https:\/\/www.radioamigavallenar.cl\/index.php?rest_route=%2Fwp%2Fv2%2Fcomments&post=99671"}],"version-history":[{"count":1,"href":"https:\/\/www.radioamigavallenar.cl\/index.php?rest_route=\/wp\/v2\/posts\/99671\/revisions"}],"predecessor-version":[{"id":99674,"href":"https:\/\/www.radioamigavallenar.cl\/index.php?rest_route=\/wp\/v2\/posts\/99671\/revisions\/99674"}],"wp:featuredmedia":[{"embeddable":true,"href":"https:\/\/www.radioamigavallenar.cl\/index.php?rest_route=\/wp\/v2\/media\/99673"}],"wp:attachment":[{"href":"https:\/\/www.radioamigavallenar.cl\/index.php?rest_route=%2Fwp%2Fv2%2Fmedia&parent=99671"}],"wp:term":[{"taxonomy":"category","embeddable":true,"href":"https:\/\/www.radioamigavallenar.cl\/index.php?rest_route=%2Fwp%2Fv2%2Fcategories&post=99671"},{"taxonomy":"post_tag","embeddable":true,"href":"https:\/\/www.radioamigavallenar.cl\/index.php?rest_route=%2Fwp%2Fv2%2Ftags&post=99671"}],"curies":[{"name":"wp","href":"https:\/\/api.w.org\/{rel}","templated":true}]}}