{"id":99668,"date":"2026-03-16T00:01:23","date_gmt":"2026-03-16T03:01:23","guid":{"rendered":"https:\/\/www.radioamigavallenar.cl\/?p=99668"},"modified":"2026-03-15T22:43:10","modified_gmt":"2026-03-16T01:43:10","slug":"conmemoracion-del-dia-internacional-de-la-mujer-en-plaza-de-alto-del-carmen","status":"publish","type":"post","link":"https:\/\/www.radioamigavallenar.cl\/?p=99668","title":{"rendered":"Conmemoraci\u00f3n del D\u00eda Internacional de la Mujer en plaza de Alto del Carmen"},"content":{"rendered":"<p data-pm-slice=\"1 1 []\">En la localidad de Alto del Carmen, se llev\u00f3 a cabo la conmemoraci\u00f3n del D\u00eda Internacional de la Mujer, una instancia dedicada a reconocer, valorar y fortalecer el rol de las mujeres en la comunidad.<\/p>\n<p>Durante la jornada se realizaron diversas charlas orientadas a la prevenci\u00f3n de la violencia de g\u00e9nero, la equidad y el empoderamiento femenino, generando espacios de di\u00e1logo, reflexi\u00f3n y aprendizaje para todas las personas presentes. Asimismo, en conjunto con la coordinaci\u00f3n de Direcci\u00f3n de Desarrollo Comunitario (DIDECO), se instalaron stands informativos relacionados con temas de salud, orientaci\u00f3n jur\u00eddica y autocuidado, brindando herramientas y apoyo a quienes participaron de la actividad.<\/p>\n<p>Estudiantes del colegio de la comuna tambi\u00e9n formaron parte de esta significativa instancia, demostrando el compromiso de las nuevas generaciones con la construcci\u00f3n de una sociedad m\u00e1s justa, respetuosa e igualitaria.<\/p>\n<p>Numerosas mujeres provenientes de distintas localidades cercanas acudieron al encuentro, generando una atm\u00f3sfera de respeto, sororidad y cuidado mutuo. La actividad se transform\u00f3 en un espacio de encuentro y reconocimiento, donde se destac\u00f3 la importancia del amor propio, la dignidad y la fortaleza de cada mujer.<\/p>\n<p>Esta conmemoraci\u00f3n no solo permiti\u00f3 compartir informaci\u00f3n y experiencias, sino tambi\u00e9n reafirmar el valor de las mujeres como pilares fundamentales de la familia, la comunidad y la sociedad. Fue un momento para recordar que cada paso hacia la igualdad, el respeto y la justicia contribuye a construir un futuro m\u00e1s digno para todas.<\/p>\n<p>Porque cuando una mujer se fortalece, se fortalece tambi\u00e9n su comunidad, su familia y las generaciones que vienen. Celebrar este d\u00eda es reconocer su historia, su lucha y su enorme capacidad de transformar el mundo con valent\u00eda, sabidur\u00eda y amor.<\/p>\n","protected":false},"excerpt":{"rendered":"<p>En la localidad de Alto del Carmen, se llev\u00f3 a cabo la conmemoraci\u00f3n del D\u00eda Internacional de la Mujer, una instancia dedicada a reconocer, valorar&hellip; <\/p>\n","protected":false},"author":7,"featured_media":99669,"comment_status":"closed","ping_status":"closed","sticky":false,"template":"","format":"standard","meta":{"footnotes":""},"categories":[38],"tags":[],"class_list":["post-99668","post","type-post","status-publish","format-standard","has-post-thumbnail","hentry","category-portada-regional"],"_links":{"self":[{"href":"https:\/\/www.radioamigavallenar.cl\/index.php?rest_route=\/wp\/v2\/posts\/99668","targetHints":{"allow":["GET"]}}],"collection":[{"href":"https:\/\/www.radioamigavallenar.cl\/index.php?rest_route=\/wp\/v2\/posts"}],"about":[{"href":"https:\/\/www.radioamigavallenar.cl\/index.php?rest_route=\/wp\/v2\/types\/post"}],"author":[{"embeddable":true,"href":"https:\/\/www.radioamigavallenar.cl\/index.php?rest_route=\/wp\/v2\/users\/7"}],"replies":[{"embeddable":true,"href":"https:\/\/www.radioamigavallenar.cl\/index.php?rest_route=%2Fwp%2Fv2%2Fcomments&post=99668"}],"version-history":[{"count":1,"href":"https:\/\/www.radioamigavallenar.cl\/index.php?rest_route=\/wp\/v2\/posts\/99668\/revisions"}],"predecessor-version":[{"id":99670,"href":"https:\/\/www.radioamigavallenar.cl\/index.php?rest_route=\/wp\/v2\/posts\/99668\/revisions\/99670"}],"wp:featuredmedia":[{"embeddable":true,"href":"https:\/\/www.radioamigavallenar.cl\/index.php?rest_route=\/wp\/v2\/media\/99669"}],"wp:attachment":[{"href":"https:\/\/www.radioamigavallenar.cl\/index.php?rest_route=%2Fwp%2Fv2%2Fmedia&parent=99668"}],"wp:term":[{"taxonomy":"category","embeddable":true,"href":"https:\/\/www.radioamigavallenar.cl\/index.php?rest_route=%2Fwp%2Fv2%2Fcategories&post=99668"},{"taxonomy":"post_tag","embeddable":true,"href":"https:\/\/www.radioamigavallenar.cl\/index.php?rest_route=%2Fwp%2Fv2%2Ftags&post=99668"}],"curies":[{"name":"wp","href":"https:\/\/api.w.org\/{rel}","templated":true}]}}