{"id":99665,"date":"2026-03-16T00:00:19","date_gmt":"2026-03-16T03:00:19","guid":{"rendered":"https:\/\/www.radioamigavallenar.cl\/?p=99665"},"modified":"2026-03-15T22:39:24","modified_gmt":"2026-03-16T01:39:24","slug":"enami-y-senda-previene-chanaral-concretan-acuerdo-para-fortalecer-la-prevencion-en-espacios-laborales","status":"publish","type":"post","link":"https:\/\/www.radioamigavallenar.cl\/?p=99665","title":{"rendered":"ENAMI y SENDA Previene Cha\u00f1aral concretan acuerdo para fortalecer la prevenci\u00f3n en espacios laborales"},"content":{"rendered":"<p data-pm-slice=\"1 1 []\">Con el objetivo de fortalecer la prevenci\u00f3n del consumo de alcohol y otras drogas en los espacios laborales, se realiz\u00f3 la firma de un acuerdo colaborativo entre la Empresa Nacional de Miner\u00eda (ENAMI) y SENDA Previene, programa perteneciente a la Municipalidad de Cha\u00f1aral.<\/p>\n<p>Esta iniciativa busca promover entornos laborales m\u00e1s saludables y seguros, impulsando acciones de capacitaci\u00f3n, acompa\u00f1amiento y sensibilizaci\u00f3n para trabajadores y equipos, en el marco del programa \u201cTrabajar con Calidad de Vida\u201d de SENDA.<\/p>\n<p>En la actividad participaron diversas autoridades y representantes de las instituciones involucradas, entre ellos Ignacio Ar\u00e1nguiz, Jefe Corporativo de Prevenci\u00f3n y Gesti\u00f3n de Riesgos; Natalia Sotomayor, Jefa Zonal Norte de Prevenci\u00f3n y Gesti\u00f3n de Riesgos; Alejandro Tello, Jefe de Prevenci\u00f3n y Gesti\u00f3n de Riesgos de ENAMI Planta El Salado; Claudia Urbina, Coordinadora de SENDA Previene de la Municipalidad de Cha\u00f1aral; y Michelle Aguilera, profesional de apoyo de SENDA Previene.<\/p>\n<p>Este acuerdo permitir\u00e1 avanzar en estrategias preventivas dentro de los espacios laborales, fortaleciendo el compromiso institucional con el bienestar, la salud y la calidad de vida de las y los trabajadores.<\/p>\n","protected":false},"excerpt":{"rendered":"<p>Con el objetivo de fortalecer la prevenci\u00f3n del consumo de alcohol y otras drogas en los espacios laborales, se realiz\u00f3 la firma de un acuerdo&hellip; <\/p>\n","protected":false},"author":7,"featured_media":99666,"comment_status":"closed","ping_status":"closed","sticky":false,"template":"","format":"standard","meta":{"footnotes":""},"categories":[38],"tags":[],"class_list":["post-99665","post","type-post","status-publish","format-standard","has-post-thumbnail","hentry","category-portada-regional"],"_links":{"self":[{"href":"https:\/\/www.radioamigavallenar.cl\/index.php?rest_route=\/wp\/v2\/posts\/99665","targetHints":{"allow":["GET"]}}],"collection":[{"href":"https:\/\/www.radioamigavallenar.cl\/index.php?rest_route=\/wp\/v2\/posts"}],"about":[{"href":"https:\/\/www.radioamigavallenar.cl\/index.php?rest_route=\/wp\/v2\/types\/post"}],"author":[{"embeddable":true,"href":"https:\/\/www.radioamigavallenar.cl\/index.php?rest_route=\/wp\/v2\/users\/7"}],"replies":[{"embeddable":true,"href":"https:\/\/www.radioamigavallenar.cl\/index.php?rest_route=%2Fwp%2Fv2%2Fcomments&post=99665"}],"version-history":[{"count":1,"href":"https:\/\/www.radioamigavallenar.cl\/index.php?rest_route=\/wp\/v2\/posts\/99665\/revisions"}],"predecessor-version":[{"id":99667,"href":"https:\/\/www.radioamigavallenar.cl\/index.php?rest_route=\/wp\/v2\/posts\/99665\/revisions\/99667"}],"wp:featuredmedia":[{"embeddable":true,"href":"https:\/\/www.radioamigavallenar.cl\/index.php?rest_route=\/wp\/v2\/media\/99666"}],"wp:attachment":[{"href":"https:\/\/www.radioamigavallenar.cl\/index.php?rest_route=%2Fwp%2Fv2%2Fmedia&parent=99665"}],"wp:term":[{"taxonomy":"category","embeddable":true,"href":"https:\/\/www.radioamigavallenar.cl\/index.php?rest_route=%2Fwp%2Fv2%2Fcategories&post=99665"},{"taxonomy":"post_tag","embeddable":true,"href":"https:\/\/www.radioamigavallenar.cl\/index.php?rest_route=%2Fwp%2Fv2%2Ftags&post=99665"}],"curies":[{"name":"wp","href":"https:\/\/api.w.org\/{rel}","templated":true}]}}