{"id":99663,"date":"2026-03-16T00:02:02","date_gmt":"2026-03-16T03:02:02","guid":{"rendered":"https:\/\/www.radioamigavallenar.cl\/?p=99663"},"modified":"2026-03-15T22:31:15","modified_gmt":"2026-03-16T01:31:15","slug":"sujetos-se-hacen-pasar-por-trabajadores-electricos-para-robar-a-adulta-mayor-en-vallenar","status":"publish","type":"post","link":"https:\/\/www.radioamigavallenar.cl\/?p=99663","title":{"rendered":"Sujetos se hacen pasar por trabajadores el\u00e9ctricos para robar a adulta mayor en Vallenar"},"content":{"rendered":"<p data-pm-slice=\"1 1 []\">Preocupaci\u00f3n gener\u00f3 entre vecinos de la poblaci\u00f3n Baquedano de Vallenar un robo que afect\u00f3 a una adulta mayor durante la jornada del jueves 12 de marzo, luego de que dos individuos ingresaran a su vivienda utilizando enga\u00f1os.<\/p>\n<p>Seg\u00fan el relato entregado por familiares, los sujetos simularon pertenecer a una empresa el\u00e9ctrica, indicando que ven\u00edan a revisar el medidor por un supuesto problema de \u201csobreconsumo\u201d. Uno de ellos, descrito como un hombre joven y delgado, comenz\u00f3 a realizar preguntas a la adulta mayor sobre cu\u00e1ntas personas viv\u00edan en la casa, cu\u00e1ntas ampolletas ten\u00eda el inmueble e incluso solicit\u00f3 ver una boleta de consumo anterior.<\/p>\n<p>Posteriormente, el individuo indic\u00f3 que llamar\u00eda a su supuesto jefe para revisar la situaci\u00f3n. Minutos despu\u00e9s lleg\u00f3 un segundo sujeto, descrito como un hombre de mayor edad, alto y de contextura robusta, quien afirm\u00f3 que efectivamente exist\u00eda un exceso de consumo el\u00e9ctrico.<\/p>\n<p>Bajo ese argumento, solicit\u00f3 a la due\u00f1a de casa que lo acompa\u00f1ara a revisar las ampolletas al interior del domicilio y el patio. En ese momento, el primer individuo habr\u00eda aprovechado de registrar el inmueble, sustrayendo dinero correspondiente a la pensi\u00f3n de la adulta mayor.<\/p>\n<p>De acuerdo con el testimonio de la familia, los sujetos permanecieron alrededor de siete minutos al interior de la vivienda. El robo fue advertido horas m\u00e1s tarde, cuando la v\u00edctima busc\u00f3 el dinero para realizar compras.<\/p>\n<p>Afortunadamente, la adulta mayor no result\u00f3 con lesiones, aunque el hecho gener\u00f3 preocupaci\u00f3n en su entorno familiar debido al impacto emocional que provocan este tipo de situaciones.<\/p>\n<p>Ante lo ocurrido, vecinos reiteraron el llamado a extremar precauciones, especialmente con personas mayores que viven solas, recomendando no permitir el ingreso de desconocidos que se identifiquen como trabajadores de empresas sin verificar previamente su identidad o la existencia de trabajos programados.<\/p>\n<p>Asimismo, se invita a la comunidad a mantenerse atenta a movimientos sospechosos en los barrios y fortalecer la colaboraci\u00f3n entre vecinos para proteger especialmente a los adultos mayores, quienes suelen ser objetivo de este tipo de enga\u00f1os.<\/p>\n","protected":false},"excerpt":{"rendered":"<p>Preocupaci\u00f3n gener\u00f3 entre vecinos de la poblaci\u00f3n Baquedano de Vallenar un robo que afect\u00f3 a una adulta mayor durante la jornada del jueves 12 de&hellip; <\/p>\n","protected":false},"author":7,"featured_media":83853,"comment_status":"closed","ping_status":"closed","sticky":false,"template":"","format":"standard","meta":{"footnotes":""},"categories":[7],"tags":[],"class_list":["post-99663","post","type-post","status-publish","format-standard","has-post-thumbnail","hentry","category-atacama"],"_links":{"self":[{"href":"https:\/\/www.radioamigavallenar.cl\/index.php?rest_route=\/wp\/v2\/posts\/99663","targetHints":{"allow":["GET"]}}],"collection":[{"href":"https:\/\/www.radioamigavallenar.cl\/index.php?rest_route=\/wp\/v2\/posts"}],"about":[{"href":"https:\/\/www.radioamigavallenar.cl\/index.php?rest_route=\/wp\/v2\/types\/post"}],"author":[{"embeddable":true,"href":"https:\/\/www.radioamigavallenar.cl\/index.php?rest_route=\/wp\/v2\/users\/7"}],"replies":[{"embeddable":true,"href":"https:\/\/www.radioamigavallenar.cl\/index.php?rest_route=%2Fwp%2Fv2%2Fcomments&post=99663"}],"version-history":[{"count":1,"href":"https:\/\/www.radioamigavallenar.cl\/index.php?rest_route=\/wp\/v2\/posts\/99663\/revisions"}],"predecessor-version":[{"id":99664,"href":"https:\/\/www.radioamigavallenar.cl\/index.php?rest_route=\/wp\/v2\/posts\/99663\/revisions\/99664"}],"wp:featuredmedia":[{"embeddable":true,"href":"https:\/\/www.radioamigavallenar.cl\/index.php?rest_route=\/wp\/v2\/media\/83853"}],"wp:attachment":[{"href":"https:\/\/www.radioamigavallenar.cl\/index.php?rest_route=%2Fwp%2Fv2%2Fmedia&parent=99663"}],"wp:term":[{"taxonomy":"category","embeddable":true,"href":"https:\/\/www.radioamigavallenar.cl\/index.php?rest_route=%2Fwp%2Fv2%2Fcategories&post=99663"},{"taxonomy":"post_tag","embeddable":true,"href":"https:\/\/www.radioamigavallenar.cl\/index.php?rest_route=%2Fwp%2Fv2%2Ftags&post=99663"}],"curies":[{"name":"wp","href":"https:\/\/api.w.org\/{rel}","templated":true}]}}