{"id":99660,"date":"2026-03-16T00:01:13","date_gmt":"2026-03-16T03:01:13","guid":{"rendered":"https:\/\/www.radioamigavallenar.cl\/?p=99660"},"modified":"2026-03-15T22:30:00","modified_gmt":"2026-03-16T01:30:00","slug":"corte-programado-de-energia-afectara-a-la-comuna-de-vallenar-este-lunes","status":"publish","type":"post","link":"https:\/\/www.radioamigavallenar.cl\/?p=99660","title":{"rendered":"Corte programado de energ\u00eda afectar\u00e1 a la comuna de Vallenar este lunes"},"content":{"rendered":"<p data-pm-slice=\"1 1 []\">Con el objetivo de mejorar la calidad del suministro el\u00e9ctrico, se realizar\u00e1 una interrupci\u00f3n programada del servicio durante la jornada de hoy lunes en la comuna de Vallenar.<\/p>\n<p>Seg\u00fan lo informado por la empresa distribuidora, el corte se extender\u00e1 entre las 10:00 y las 16:00 horas, debido a trabajos de mejoramiento en la red el\u00e9ctrica.<\/p>\n<p>Sectores afectados: Avenida Huasco con Chungar\u00e1 y Jorge Pino alquinta.<\/p>\n<p>La interrupci\u00f3n afectar\u00e1 a 10 clientes de los sectores indicados en el plano informado, por lo que se recomienda a los vecinos tomar las precauciones necesarias y desconectar sus artefactos el\u00e9ctricos para evitar posibles da\u00f1os al momento de la reposici\u00f3n del servicio.<\/p>\n","protected":false},"excerpt":{"rendered":"<p>Con el objetivo de mejorar la calidad del suministro el\u00e9ctrico, se realizar\u00e1 una interrupci\u00f3n programada del servicio durante la jornada de hoy lunes en la&hellip; <\/p>\n","protected":false},"author":7,"featured_media":99661,"comment_status":"closed","ping_status":"closed","sticky":false,"template":"","format":"standard","meta":{"footnotes":""},"categories":[7],"tags":[],"class_list":["post-99660","post","type-post","status-publish","format-standard","has-post-thumbnail","hentry","category-atacama"],"_links":{"self":[{"href":"https:\/\/www.radioamigavallenar.cl\/index.php?rest_route=\/wp\/v2\/posts\/99660","targetHints":{"allow":["GET"]}}],"collection":[{"href":"https:\/\/www.radioamigavallenar.cl\/index.php?rest_route=\/wp\/v2\/posts"}],"about":[{"href":"https:\/\/www.radioamigavallenar.cl\/index.php?rest_route=\/wp\/v2\/types\/post"}],"author":[{"embeddable":true,"href":"https:\/\/www.radioamigavallenar.cl\/index.php?rest_route=\/wp\/v2\/users\/7"}],"replies":[{"embeddable":true,"href":"https:\/\/www.radioamigavallenar.cl\/index.php?rest_route=%2Fwp%2Fv2%2Fcomments&post=99660"}],"version-history":[{"count":1,"href":"https:\/\/www.radioamigavallenar.cl\/index.php?rest_route=\/wp\/v2\/posts\/99660\/revisions"}],"predecessor-version":[{"id":99662,"href":"https:\/\/www.radioamigavallenar.cl\/index.php?rest_route=\/wp\/v2\/posts\/99660\/revisions\/99662"}],"wp:featuredmedia":[{"embeddable":true,"href":"https:\/\/www.radioamigavallenar.cl\/index.php?rest_route=\/wp\/v2\/media\/99661"}],"wp:attachment":[{"href":"https:\/\/www.radioamigavallenar.cl\/index.php?rest_route=%2Fwp%2Fv2%2Fmedia&parent=99660"}],"wp:term":[{"taxonomy":"category","embeddable":true,"href":"https:\/\/www.radioamigavallenar.cl\/index.php?rest_route=%2Fwp%2Fv2%2Fcategories&post=99660"},{"taxonomy":"post_tag","embeddable":true,"href":"https:\/\/www.radioamigavallenar.cl\/index.php?rest_route=%2Fwp%2Fv2%2Ftags&post=99660"}],"curies":[{"name":"wp","href":"https:\/\/api.w.org\/{rel}","templated":true}]}}