{"id":99657,"date":"2026-03-16T00:00:21","date_gmt":"2026-03-16T03:00:21","guid":{"rendered":"https:\/\/www.radioamigavallenar.cl\/?p=99657"},"modified":"2026-03-15T22:27:10","modified_gmt":"2026-03-16T01:27:10","slug":"carabineros-detiene-a-dos-sujetos-por-venta-de-cocaina-durante-fiesta-en-el-salvador","status":"publish","type":"post","link":"https:\/\/www.radioamigavallenar.cl\/?p=99657","title":{"rendered":"Carabineros detiene a dos sujetos por venta de coca\u00edna durante fiesta en El Salvador"},"content":{"rendered":"<p>Dos personas fueron detenidas por Carabineros tras ser sorprendidas\u00a0 realizando transacciones de droga en el interior de una fiesta autorizada en la localidad minera de El Salvador.<\/p>\n<p>El procedimiento fue realizado por personal de la\u00a0<strong>4\u00aa Comisar\u00eda\u00a0<\/strong>, luego de una fiscalizaci\u00f3n efectuada cerca de las\u00a0<strong>02:10 horas<\/strong>, en el evento que se desarrollaba en dependencias del\u00a0<strong>Sindicato N\u00b0 6<\/strong>.<\/p>\n<p>De acuerdo con los antecedentes, durante el control los funcionarios observaron a\u00a0<strong>tres hombres al interior de un ba\u00f1o p\u00fablico<\/strong>\u00a0aparentemente efectuando una transacci\u00f3n de droga. Al advertir la presencia policial, uno de ellos huy\u00f3 del lugar, mientras que los otros dos fueron sometidos a un control de identidad.<\/p>\n<div class=\"code-block code-block-5\">\n<div id=\"sas_99435\"><\/div>\n<\/div>\n<p>Durante la revisi\u00f3n, los sujetos manten\u00edan entre sus vestimentas\u00a0<strong>bolsas con coca\u00edna<\/strong>, adem\u00e1s de dinero en efectivo y tel\u00e9fonos celulares, lo que motiv\u00f3 su detenci\u00f3n por el\u00a0delito de microtr\u00e1fico.<\/p>\n<p>Los imputados fueron identificados con las iniciales\u00a0<strong>M.A.C.V., chileno de 22 a\u00f1os<\/strong>, quien registra antecedentes policiales anteriores, y un<strong>\u00a0sujeto de 17 a\u00f1os de nacionalidad colombiana<\/strong>, quien mantiene certificado de residencia temporal en el pa\u00eds.<\/p>\n<p>En el procedimiento se incautaron\u00a0<strong>seis bolsas pl\u00e1sticas con la mencionada droga,\u00a0<\/strong>\u00a0<strong>dos tel\u00e9fonos celulares<\/strong>\u00a0y\u00a0<strong>71 mil pesos en dinero en efectivo.<\/strong><\/p>\n<p>Los antecedentes del caso y los detenidos quedaron en manos del Ministerio P\u00fablico<\/p>\n","protected":false},"excerpt":{"rendered":"<p>Dos personas fueron detenidas por Carabineros tras ser sorprendidas\u00a0 realizando transacciones de droga en el interior de una fiesta autorizada en la localidad minera de&hellip; <\/p>\n","protected":false},"author":7,"featured_media":99658,"comment_status":"closed","ping_status":"closed","sticky":false,"template":"","format":"standard","meta":{"footnotes":""},"categories":[38],"tags":[],"class_list":["post-99657","post","type-post","status-publish","format-standard","has-post-thumbnail","hentry","category-portada-regional"],"_links":{"self":[{"href":"https:\/\/www.radioamigavallenar.cl\/index.php?rest_route=\/wp\/v2\/posts\/99657","targetHints":{"allow":["GET"]}}],"collection":[{"href":"https:\/\/www.radioamigavallenar.cl\/index.php?rest_route=\/wp\/v2\/posts"}],"about":[{"href":"https:\/\/www.radioamigavallenar.cl\/index.php?rest_route=\/wp\/v2\/types\/post"}],"author":[{"embeddable":true,"href":"https:\/\/www.radioamigavallenar.cl\/index.php?rest_route=\/wp\/v2\/users\/7"}],"replies":[{"embeddable":true,"href":"https:\/\/www.radioamigavallenar.cl\/index.php?rest_route=%2Fwp%2Fv2%2Fcomments&post=99657"}],"version-history":[{"count":1,"href":"https:\/\/www.radioamigavallenar.cl\/index.php?rest_route=\/wp\/v2\/posts\/99657\/revisions"}],"predecessor-version":[{"id":99659,"href":"https:\/\/www.radioamigavallenar.cl\/index.php?rest_route=\/wp\/v2\/posts\/99657\/revisions\/99659"}],"wp:featuredmedia":[{"embeddable":true,"href":"https:\/\/www.radioamigavallenar.cl\/index.php?rest_route=\/wp\/v2\/media\/99658"}],"wp:attachment":[{"href":"https:\/\/www.radioamigavallenar.cl\/index.php?rest_route=%2Fwp%2Fv2%2Fmedia&parent=99657"}],"wp:term":[{"taxonomy":"category","embeddable":true,"href":"https:\/\/www.radioamigavallenar.cl\/index.php?rest_route=%2Fwp%2Fv2%2Fcategories&post=99657"},{"taxonomy":"post_tag","embeddable":true,"href":"https:\/\/www.radioamigavallenar.cl\/index.php?rest_route=%2Fwp%2Fv2%2Ftags&post=99657"}],"curies":[{"name":"wp","href":"https:\/\/api.w.org\/{rel}","templated":true}]}}