{"id":99655,"date":"2026-03-16T00:00:57","date_gmt":"2026-03-16T03:00:57","guid":{"rendered":"https:\/\/www.radioamigavallenar.cl\/?p=99655"},"modified":"2026-03-15T22:26:14","modified_gmt":"2026-03-16T01:26:14","slug":"advierten-altas-temperaturas-en-sectores-de-atacama-para-inicios-de-semana","status":"publish","type":"post","link":"https:\/\/www.radioamigavallenar.cl\/?p=99655","title":{"rendered":"Advierten altas temperaturas en sectores de Atacama para inicios de semana"},"content":{"rendered":"<p>Un aviso meteorol\u00f3gico fue emitido ante la probabilidad de\u00a0<strong>altas temperaturas en distintos sectores de la Regi\u00f3n de Atacama<\/strong>, fen\u00f3meno que se presentar\u00e1 a partir de hoy lunes 16 de marzo y se extender\u00e1 hasta la tarde de ma\u00f1ana martes 17.<\/p>\n<p>De acuerdo con el reporte de la Direcci\u00f3n Meteorol\u00f3gica de Chile, \u00a0la condici\u00f3n clim\u00e1tica estar\u00e1 asociada a la presencia de una\u00a0<strong>dorsal en altura<\/strong>, situaci\u00f3n que favorecer\u00e1 el aumento de las temperaturas en diversas zonas de la regi\u00f3n.<\/p>\n<p>Seg\u00fan las proyecciones, en los sectores de\u00a0<strong>cordillera de la costa y valles<\/strong>\u00a0se esperan temperaturas que oscilar\u00e1n entre\u00a0<strong>29 y 31 grados Celsius<\/strong>\u00a0tanto el lunes como el martes.<\/p>\n<div class=\"code-block code-block-5\">\n<div id=\"sas_99435\"><\/div>\n<\/div>\n<p>En tanto, en la\u00a0<strong>zona de pampa<\/strong>\u00a0los term\u00f3metros podr\u00edan alcanzar valores levemente superiores, con m\u00e1ximas estimadas entre\u00a0<strong>30 y 32 grados Celsius<\/strong>\u00a0durante ambos d\u00edas.<\/p>\n<p>El evento meteorol\u00f3gico afectar\u00e1 principalmente \u00e1reas interiores de la regi\u00f3n, por lo que las autoridades mantienen monitoreo de la evoluci\u00f3n de las condiciones clim\u00e1ticas durante el desarrollo del fen\u00f3meno.<\/p>\n","protected":false},"excerpt":{"rendered":"<p>Un aviso meteorol\u00f3gico fue emitido ante la probabilidad de\u00a0altas temperaturas en distintos sectores de la Regi\u00f3n de Atacama, fen\u00f3meno que se presentar\u00e1 a partir de&hellip; <\/p>\n","protected":false},"author":7,"featured_media":98756,"comment_status":"closed","ping_status":"closed","sticky":false,"template":"","format":"standard","meta":{"footnotes":""},"categories":[7],"tags":[],"class_list":["post-99655","post","type-post","status-publish","format-standard","has-post-thumbnail","hentry","category-atacama"],"_links":{"self":[{"href":"https:\/\/www.radioamigavallenar.cl\/index.php?rest_route=\/wp\/v2\/posts\/99655","targetHints":{"allow":["GET"]}}],"collection":[{"href":"https:\/\/www.radioamigavallenar.cl\/index.php?rest_route=\/wp\/v2\/posts"}],"about":[{"href":"https:\/\/www.radioamigavallenar.cl\/index.php?rest_route=\/wp\/v2\/types\/post"}],"author":[{"embeddable":true,"href":"https:\/\/www.radioamigavallenar.cl\/index.php?rest_route=\/wp\/v2\/users\/7"}],"replies":[{"embeddable":true,"href":"https:\/\/www.radioamigavallenar.cl\/index.php?rest_route=%2Fwp%2Fv2%2Fcomments&post=99655"}],"version-history":[{"count":1,"href":"https:\/\/www.radioamigavallenar.cl\/index.php?rest_route=\/wp\/v2\/posts\/99655\/revisions"}],"predecessor-version":[{"id":99656,"href":"https:\/\/www.radioamigavallenar.cl\/index.php?rest_route=\/wp\/v2\/posts\/99655\/revisions\/99656"}],"wp:featuredmedia":[{"embeddable":true,"href":"https:\/\/www.radioamigavallenar.cl\/index.php?rest_route=\/wp\/v2\/media\/98756"}],"wp:attachment":[{"href":"https:\/\/www.radioamigavallenar.cl\/index.php?rest_route=%2Fwp%2Fv2%2Fmedia&parent=99655"}],"wp:term":[{"taxonomy":"category","embeddable":true,"href":"https:\/\/www.radioamigavallenar.cl\/index.php?rest_route=%2Fwp%2Fv2%2Fcategories&post=99655"},{"taxonomy":"post_tag","embeddable":true,"href":"https:\/\/www.radioamigavallenar.cl\/index.php?rest_route=%2Fwp%2Fv2%2Ftags&post=99655"}],"curies":[{"name":"wp","href":"https:\/\/api.w.org\/{rel}","templated":true}]}}