{"id":99652,"date":"2026-03-16T00:01:47","date_gmt":"2026-03-16T03:01:47","guid":{"rendered":"https:\/\/www.radioamigavallenar.cl\/?p=99652"},"modified":"2026-03-15T22:24:53","modified_gmt":"2026-03-16T01:24:53","slug":"gobierno-designa-nuevos-delegados-presidenciales-para-las-provincias-de-huasco-y-chanaral-en-atacama","status":"publish","type":"post","link":"https:\/\/www.radioamigavallenar.cl\/?p=99652","title":{"rendered":"Gobierno designa nuevos delegados presidenciales para las provincias de Huasco y Cha\u00f1aral en Atacama"},"content":{"rendered":"<p>El Gobierno inform\u00f3 ayer domingo la designaci\u00f3n de los nuevos delegados Provinciales en la Regi\u00f3n de Atacama, autoridades que asumir\u00e1n funciones en las provincias de Huasco y Cha\u00f1aral bajo la administraci\u00f3n del Presidente de la Rep\u00fablica, Jos\u00e9 Antonio Kast.<\/p>\n<p>Seg\u00fan se detall\u00f3, las nuevas autoridades se integran al trabajo territorial encabezado por la Delegada Presidencial Regional de Atacama, Sof\u00eda Cid, con el objetivo de fortalecer la coordinaci\u00f3n entre el Gobierno central y las distintas comunas de la regi\u00f3n.<\/p>\n<p><img loading=\"lazy\" decoding=\"async\" class=\"alignnone size-full wp-image-40370\" src=\"https:\/\/www.maray.cl\/wp-content\/uploads\/2026\/03\/juan-donoso.jpg\" sizes=\"auto, (max-width: 800px) 100vw, 800px\" srcset=\"https:\/\/www.maray.cl\/wp-content\/uploads\/2026\/03\/juan-donoso.jpg 800w, https:\/\/www.maray.cl\/wp-content\/uploads\/2026\/03\/juan-donoso-300x169.jpg 300w, https:\/\/www.maray.cl\/wp-content\/uploads\/2026\/03\/juan-donoso-768x433.jpg 768w, https:\/\/www.maray.cl\/wp-content\/uploads\/2026\/03\/juan-donoso-390x220.jpg 390w\" alt=\"\" width=\"800\" height=\"451\" \/><\/p>\n<div class=\"code-block code-block-5\">\n<div id=\"sas_99435\"><\/div>\n<\/div>\n<p>En la Provincia del Huasco fue designado como delegado presidencial provincial\u00a0<strong>Juan Alejandro Donoso Gallardo<\/strong>, abogado de 45 a\u00f1os, con residencia en la comuna de Vallenar. El profesional cuenta con una trayectoria vinculada al territorio, con especializaci\u00f3n en Gesti\u00f3n Tributaria, Comercio Internacional y Derecho del Trabajo y Proceso Laboral.<\/p>\n<p>Durante su etapa de formaci\u00f3n realiz\u00f3 su pr\u00e1ctica profesional en la Oficina de Defensa Laboral de la Corporaci\u00f3n de Asistencia Judicial de Vallenar, donde obtuvo un reconocimiento como mejor postulante. Posteriormente, desde 2016, ha ejercido de manera independiente, desarrollando asesor\u00edas jur\u00eddicas principalmente en materia laboral.<\/p>\n<p><strong>Provincia de Cha\u00f1aral<\/strong><\/p>\n<p><img loading=\"lazy\" decoding=\"async\" class=\"alignnone size-full wp-image-40371\" src=\"https:\/\/www.maray.cl\/wp-content\/uploads\/2026\/03\/sssba.jpg\" sizes=\"auto, (max-width: 800px) 100vw, 800px\" srcset=\"https:\/\/www.maray.cl\/wp-content\/uploads\/2026\/03\/sssba.jpg 800w, https:\/\/www.maray.cl\/wp-content\/uploads\/2026\/03\/sssba-300x169.jpg 300w, https:\/\/www.maray.cl\/wp-content\/uploads\/2026\/03\/sssba-768x433.jpg 768w, https:\/\/www.maray.cl\/wp-content\/uploads\/2026\/03\/sssba-390x220.jpg 390w\" alt=\"\" width=\"800\" height=\"451\" \/><\/p>\n<p>Por su parte, en la\u00a0<strong>Provincia de Cha\u00f1aral<\/strong>\u00a0asume como delegado presidencial provincial\u00a0<strong>Sebasti\u00e1n Alejandro Urrejola Aranda<\/strong>, ingeniero en Gesti\u00f3n Inform\u00e1tica, nacido el 23 de febrero de 1980 y con residencia en la comuna de Cha\u00f1aral.<\/p>\n<p>El profesional posee m\u00e1s de 20 a\u00f1os de experiencia en gesti\u00f3n p\u00fablica, auditor\u00eda y desarrollo tecnol\u00f3gico. En el \u00e1mbito p\u00fablico se desempe\u00f1\u00f3 en el Servicio de Salud Atacama, abordando materias vinculadas a auditor\u00eda, seguridad de la informaci\u00f3n y gesti\u00f3n operativa.<\/p>\n<p>Tambi\u00e9n desarroll\u00f3 funciones en el \u00e1mbito municipal, participando como profesional del Programa de Fortalecimiento de la Gesti\u00f3n Municipal en la Municipalidad de Caldera y posteriormente como jefe de gabinete en la Municipalidad de Cha\u00f1aral.<\/p>\n<p>De acuerdo con el informe entregado por el Ejecutivo, ambas designaciones buscan fortalecer la coordinaci\u00f3n institucional en las provincias, as\u00ed como impulsar la gesti\u00f3n p\u00fablica con foco en el desarrollo territorial y la articulaci\u00f3n con las comunidades locales.<\/p>\n","protected":false},"excerpt":{"rendered":"<p>El Gobierno inform\u00f3 ayer domingo la designaci\u00f3n de los nuevos delegados Provinciales en la Regi\u00f3n de Atacama, autoridades que asumir\u00e1n funciones en las provincias de&hellip; <\/p>\n","protected":false},"author":7,"featured_media":99653,"comment_status":"closed","ping_status":"closed","sticky":false,"template":"","format":"standard","meta":{"footnotes":""},"categories":[7],"tags":[],"class_list":["post-99652","post","type-post","status-publish","format-standard","has-post-thumbnail","hentry","category-atacama"],"_links":{"self":[{"href":"https:\/\/www.radioamigavallenar.cl\/index.php?rest_route=\/wp\/v2\/posts\/99652","targetHints":{"allow":["GET"]}}],"collection":[{"href":"https:\/\/www.radioamigavallenar.cl\/index.php?rest_route=\/wp\/v2\/posts"}],"about":[{"href":"https:\/\/www.radioamigavallenar.cl\/index.php?rest_route=\/wp\/v2\/types\/post"}],"author":[{"embeddable":true,"href":"https:\/\/www.radioamigavallenar.cl\/index.php?rest_route=\/wp\/v2\/users\/7"}],"replies":[{"embeddable":true,"href":"https:\/\/www.radioamigavallenar.cl\/index.php?rest_route=%2Fwp%2Fv2%2Fcomments&post=99652"}],"version-history":[{"count":1,"href":"https:\/\/www.radioamigavallenar.cl\/index.php?rest_route=\/wp\/v2\/posts\/99652\/revisions"}],"predecessor-version":[{"id":99654,"href":"https:\/\/www.radioamigavallenar.cl\/index.php?rest_route=\/wp\/v2\/posts\/99652\/revisions\/99654"}],"wp:featuredmedia":[{"embeddable":true,"href":"https:\/\/www.radioamigavallenar.cl\/index.php?rest_route=\/wp\/v2\/media\/99653"}],"wp:attachment":[{"href":"https:\/\/www.radioamigavallenar.cl\/index.php?rest_route=%2Fwp%2Fv2%2Fmedia&parent=99652"}],"wp:term":[{"taxonomy":"category","embeddable":true,"href":"https:\/\/www.radioamigavallenar.cl\/index.php?rest_route=%2Fwp%2Fv2%2Fcategories&post=99652"},{"taxonomy":"post_tag","embeddable":true,"href":"https:\/\/www.radioamigavallenar.cl\/index.php?rest_route=%2Fwp%2Fv2%2Ftags&post=99652"}],"curies":[{"name":"wp","href":"https:\/\/api.w.org\/{rel}","templated":true}]}}