{"id":99650,"date":"2026-03-16T00:00:05","date_gmt":"2026-03-16T03:00:05","guid":{"rendered":"https:\/\/www.radioamigavallenar.cl\/?p=99650"},"modified":"2026-03-15T22:23:45","modified_gmt":"2026-03-16T01:23:45","slug":"incautan-mas-de-una-tonelada-y-media-de-cannabis-que-iba-rumbo-a-la-zona-sur-de-santiago-marzo-15-2026-174-1-minuto-de-lectura-en-atacama","status":"publish","type":"post","link":"https:\/\/www.radioamigavallenar.cl\/?p=99650","title":{"rendered":"incautan m\u00e1s de una tonelada y media de cannabis que iba rumbo a la zona sur de Santiago marzo 15, 2026 174 1 minuto de lectura en Atacama"},"content":{"rendered":"<p>Un operativo de la Polic\u00eda de Investigaciones permiti\u00f3 la detenci\u00f3n de dos hombres y una mujer de nacionalidad chilena, luego de ser sorprendidos transportando un cargamento de 1.679 paquetes de cannabis, cuyo peso total alcanz\u00f3 los 1.774 kilos.<\/p>\n<p>De acuerdo con los antecedentes entregados por las autoridades, la droga era trasladada desde Bolivia e ingresada al pa\u00eds a trav\u00e9s de pasos no habilitados en las regiones de Antofagasta y Atacama. Posteriormente, el cargamento ten\u00eda como destino distintos puntos del sur de Santiago, donde ser\u00eda distribuido, adem\u00e1s de eventos masivos.<\/p>\n<p>El procedimiento corresponde a la segunda fase de una investigaci\u00f3n que ya hab\u00eda permitido, en noviembre pasado, la incautaci\u00f3n de m\u00e1s de 1.900 kilos de sustancias il\u00edcitas vinculadas a la misma estructura criminal.<\/p>\n<div class=\"code-block code-block-5\">\n<div id=\"sas_99435\"><\/div>\n<\/div>\n<p>Seg\u00fan explic\u00f3 el subprefecto Julio Gonz\u00e1lez, de la Brigada Antinarc\u00f3ticos Metropolitana, la organizaci\u00f3n utilizaba un cami\u00f3n de alto tonelaje para el traslado de la droga, el cual era escoltado por un veh\u00edculo que cumpl\u00eda la funci\u00f3n de advertir sobre posibles controles policiales durante el trayecto.<\/p>\n<p>\u201cEl modus operandi que ten\u00eda esta estructura era cargar cerca de la frontera con Bolivia en inmediaciones de una minera de la regi\u00f3n de Atacama, donde posteriormente bajaban hasta la Ruta 5 Norte\u201d, detall\u00f3 el oficial.<\/p>\n<p>Asimismo, indic\u00f3 que el procedimiento se concret\u00f3 cuando los involucrados se detuvieron a un costado de la carretera, en una posada ubicada en la Ruta 5 Norte,\u00a0<strong>en las cercan\u00edas de la comuna de Vallenar<\/strong>. En ese lugar, personal policial realiz\u00f3 un control de identidad al conductor del cami\u00f3n y a los dos ocupantes del veh\u00edculo que los acompa\u00f1aba.<\/p>\n<p>Tras revisar el contenedor del cami\u00f3n, los detectives hallaron m\u00e1s de una tonelada de cannabis oculta en su interior, lo que motiv\u00f3 la detenci\u00f3n inmediata de los tres implicados en el lugar.<\/p>\n","protected":false},"excerpt":{"rendered":"<p>Un operativo de la Polic\u00eda de Investigaciones permiti\u00f3 la detenci\u00f3n de dos hombres y una mujer de nacionalidad chilena, luego de ser sorprendidos transportando un&hellip; <\/p>\n","protected":false},"author":7,"featured_media":83083,"comment_status":"closed","ping_status":"closed","sticky":false,"template":"","format":"standard","meta":{"footnotes":""},"categories":[7],"tags":[],"class_list":["post-99650","post","type-post","status-publish","format-standard","has-post-thumbnail","hentry","category-atacama"],"_links":{"self":[{"href":"https:\/\/www.radioamigavallenar.cl\/index.php?rest_route=\/wp\/v2\/posts\/99650","targetHints":{"allow":["GET"]}}],"collection":[{"href":"https:\/\/www.radioamigavallenar.cl\/index.php?rest_route=\/wp\/v2\/posts"}],"about":[{"href":"https:\/\/www.radioamigavallenar.cl\/index.php?rest_route=\/wp\/v2\/types\/post"}],"author":[{"embeddable":true,"href":"https:\/\/www.radioamigavallenar.cl\/index.php?rest_route=\/wp\/v2\/users\/7"}],"replies":[{"embeddable":true,"href":"https:\/\/www.radioamigavallenar.cl\/index.php?rest_route=%2Fwp%2Fv2%2Fcomments&post=99650"}],"version-history":[{"count":1,"href":"https:\/\/www.radioamigavallenar.cl\/index.php?rest_route=\/wp\/v2\/posts\/99650\/revisions"}],"predecessor-version":[{"id":99651,"href":"https:\/\/www.radioamigavallenar.cl\/index.php?rest_route=\/wp\/v2\/posts\/99650\/revisions\/99651"}],"wp:featuredmedia":[{"embeddable":true,"href":"https:\/\/www.radioamigavallenar.cl\/index.php?rest_route=\/wp\/v2\/media\/83083"}],"wp:attachment":[{"href":"https:\/\/www.radioamigavallenar.cl\/index.php?rest_route=%2Fwp%2Fv2%2Fmedia&parent=99650"}],"wp:term":[{"taxonomy":"category","embeddable":true,"href":"https:\/\/www.radioamigavallenar.cl\/index.php?rest_route=%2Fwp%2Fv2%2Fcategories&post=99650"},{"taxonomy":"post_tag","embeddable":true,"href":"https:\/\/www.radioamigavallenar.cl\/index.php?rest_route=%2Fwp%2Fv2%2Ftags&post=99650"}],"curies":[{"name":"wp","href":"https:\/\/api.w.org\/{rel}","templated":true}]}}