{"id":99647,"date":"2026-03-16T00:00:50","date_gmt":"2026-03-16T03:00:50","guid":{"rendered":"https:\/\/www.radioamigavallenar.cl\/?p=99647"},"modified":"2026-03-15T22:22:03","modified_gmt":"2026-03-16T01:22:03","slug":"municipio-de-copiapo-adquirira-insumos-que-permitira-mas-de-50-mil-prestaciones-odontologicas-gratuitas-para-la-comunidad","status":"publish","type":"post","link":"https:\/\/www.radioamigavallenar.cl\/?p=99647","title":{"rendered":"Municipio de Copiap\u00f3 adquirir\u00e1 insumos que permitir\u00e1 m\u00e1s de 50 mil prestaciones odontol\u00f3gicas gratuitas para la comunidad"},"content":{"rendered":"<p>La licitaci\u00f3n fue aprobada por el Concejo Municipal en la \u00faltima sesi\u00f3n ordinaria.<\/p>\n<p>Con el objetivo de fortalecer la salud bucal de la comunidad y asegurar la continuidad de las atenciones odontol\u00f3gicas en la red de salud municipal, el Concejo Municipal de Copiap\u00f3 aprob\u00f3 la licitaci\u00f3n para la adquisici\u00f3n de insumos y materiales odontol\u00f3gicos que permitir\u00e1n realizar m\u00e1s de 50 mil prestaciones preventivas, recuperativas y de rehabilitaci\u00f3n para las vecinas y vecinos de la comuna.<\/p>\n<p>El alcalde de Copiap\u00f3, Maglio Cicardini Neyra, destac\u00f3 que \u201cla aprobaci\u00f3n de esta compra permitir\u00e1 seguir fortaleciendo la salud bucal de la poblaci\u00f3n y, al mismo tiempo, devolver la sonrisa a miles de vecinas y vecinos de la comuna mediante atenciones gratuitas, en un \u00e1rea de la salud que en el sistema privado suele tener altos costos para las familias\u201d.<\/p>\n<p>La compra contempla insumos y accesorios destinados a abastecer 30 box dentales distribuidos en distintos dispositivos de la red de salud comunal, incluyendo los Centros de Salud Familiar (Cesfam), el Centro de Especialidades Odontol\u00f3gicas, SAPU Dental y dispositivos m\u00f3viles que recorren distintos sectores de la comuna.<\/p>\n<p>Esta adquisici\u00f3n permitir\u00e1 asegurar la continuidad operativa de la red odontol\u00f3gica comunal durante un per\u00edodo estimado de entre cuatro y seis meses, posibilitando la ejecuci\u00f3n aproximada de 52.080 prestaciones odontol\u00f3gicas preventivas, recuperativas y de rehabilitaci\u00f3n gratuita a usuarios Fonasa e inscritos en los Cesfam.<\/p>\n<p>Desde el municipio destacaron que este abastecimiento es estrat\u00e9gico y prioritario, ya que garantiza la continuidad de la atenci\u00f3n odontol\u00f3gica, el cumplimiento de programas ministeriales y metas sanitarias, adem\u00e1s de evitar la suspensi\u00f3n de prestaciones por falta de insumos cl\u00ednicos.<\/p>\n<p>Durante el a\u00f1o 2025, la red de salud municipal de Copiap\u00f3 realiz\u00f3 70.375 atenciones odontol\u00f3gicas, lo que se tradujo en un total de 200.008 prestaciones otorgadas a la comunidad. Estas incluyeron acciones preventivas, recuperativas y de rehabilitaci\u00f3n, adem\u00e1s de importantes actividades educativas que forman parte fundamental de la atenci\u00f3n odontol\u00f3gica integral.<\/p>\n<p>Con esta medida, el municipio reafirma su compromiso con el acceso oportuno y de calidad a la salud p\u00fablica, avanzando en mejorar la calidad de vida de la comunidad de Copiap\u00f3.<\/p>\n","protected":false},"excerpt":{"rendered":"<p>La licitaci\u00f3n fue aprobada por el Concejo Municipal en la \u00faltima sesi\u00f3n ordinaria. Con el objetivo de fortalecer la salud bucal de la comunidad y&hellip; <\/p>\n","protected":false},"author":7,"featured_media":99648,"comment_status":"closed","ping_status":"closed","sticky":false,"template":"","format":"standard","meta":{"footnotes":""},"categories":[38],"tags":[],"class_list":["post-99647","post","type-post","status-publish","format-standard","has-post-thumbnail","hentry","category-portada-regional"],"_links":{"self":[{"href":"https:\/\/www.radioamigavallenar.cl\/index.php?rest_route=\/wp\/v2\/posts\/99647","targetHints":{"allow":["GET"]}}],"collection":[{"href":"https:\/\/www.radioamigavallenar.cl\/index.php?rest_route=\/wp\/v2\/posts"}],"about":[{"href":"https:\/\/www.radioamigavallenar.cl\/index.php?rest_route=\/wp\/v2\/types\/post"}],"author":[{"embeddable":true,"href":"https:\/\/www.radioamigavallenar.cl\/index.php?rest_route=\/wp\/v2\/users\/7"}],"replies":[{"embeddable":true,"href":"https:\/\/www.radioamigavallenar.cl\/index.php?rest_route=%2Fwp%2Fv2%2Fcomments&post=99647"}],"version-history":[{"count":1,"href":"https:\/\/www.radioamigavallenar.cl\/index.php?rest_route=\/wp\/v2\/posts\/99647\/revisions"}],"predecessor-version":[{"id":99649,"href":"https:\/\/www.radioamigavallenar.cl\/index.php?rest_route=\/wp\/v2\/posts\/99647\/revisions\/99649"}],"wp:featuredmedia":[{"embeddable":true,"href":"https:\/\/www.radioamigavallenar.cl\/index.php?rest_route=\/wp\/v2\/media\/99648"}],"wp:attachment":[{"href":"https:\/\/www.radioamigavallenar.cl\/index.php?rest_route=%2Fwp%2Fv2%2Fmedia&parent=99647"}],"wp:term":[{"taxonomy":"category","embeddable":true,"href":"https:\/\/www.radioamigavallenar.cl\/index.php?rest_route=%2Fwp%2Fv2%2Fcategories&post=99647"},{"taxonomy":"post_tag","embeddable":true,"href":"https:\/\/www.radioamigavallenar.cl\/index.php?rest_route=%2Fwp%2Fv2%2Ftags&post=99647"}],"curies":[{"name":"wp","href":"https:\/\/api.w.org\/{rel}","templated":true}]}}