{"id":99644,"date":"2026-03-14T00:22:17","date_gmt":"2026-03-14T03:22:17","guid":{"rendered":"https:\/\/www.radioamigavallenar.cl\/?p=99644"},"modified":"2026-03-14T00:22:17","modified_gmt":"2026-03-14T03:22:17","slug":"contraloria-detecta-recontrataciones-irregulares-e-indemnizaciones-de-hasta-100-millones-en-famae","status":"publish","type":"post","link":"https:\/\/www.radioamigavallenar.cl\/?p=99644","title":{"rendered":"Contralor\u00eda detecta recontrataciones irregulares e indemnizaciones de hasta $100 millones en FAMAE"},"content":{"rendered":"<p>La Contralor\u00eda General de la Rep\u00fablica revel\u00f3 irregularidades en la desvinculaci\u00f3n y recontrataci\u00f3n de personal, y la adquisici\u00f3n de maquinaria en la<strong>\u00a0F\u00e1brica y Maestranza del Ej\u00e9rcito\u00a0<\/strong>(FAMAE) entre los a\u00f1os 2022 y 2024.<\/p>\n<p>El Informe Final N\u00b0750 de 2025 constat\u00f3 que cuatro trabajadores desvinculados por \u00abmutuo acuerdo\u00bb\u00a0<strong>recibieron indemnizaciones por un total de $103 millones,<\/strong>\u00a0pese a que dicha causal no contempla ese tipo de pagos. Adem\u00e1s, algunos de ellos adem\u00e1s fueron inmediatamente recontratados en el mismo cargo.<\/p>\n<p>En total, las indemnizaciones a 63 trabajadores bajo esa modalidad\u00a0<strong>alcanzaron los $1.000.301.917<\/strong>\u00a0en el periodo revisado.<\/p>\n<p>En cuanto a adquisiciones, el informe se\u00f1ala que en agosto de 2023 FAMAE compr\u00f3 una\u00a0<strong>m\u00e1quina l\u00e1ser por $70.042.181<\/strong>\u00a0mediante trato directo, sin acreditar la exclusividad del proveedor ni ajustarse a las condiciones establecidas en el Manual de Adquisiciones.<\/p>\n<p>Adem\u00e1s, se identificaron<strong>\u00a0deficiencias en el control y operaci\u00f3n del equipo,<\/strong>\u00a0que present\u00f3 fallas a los cuatro meses de uso, las que se repitieron en abril de 2025, manteni\u00e9ndose inoperativo hasta la fecha por su alto costo de reparaci\u00f3n.<\/p>\n<p>Asimismo, la compra se realiz\u00f3 sin comparaci\u00f3n de ofertas, an\u00e1lisis t\u00e9cnico-financiero ni garant\u00eda de fiel cumplimiento,\u00a0<strong>lo que impidi\u00f3 exigir responsabilidades al proveedor.<\/strong><\/p>\n<p>Por todo lo anterior, la Contralor\u00eda dispuso que el Consejo Superior de FAMAE instruya una investigaci\u00f3n para\u00a0<strong>determinar eventuales responsabilidades administrativas<\/strong>\u00a0por las situaciones detectadas.<\/p>\n<p>Tambi\u00e9n se remitieron los antecedentes al Ministerio P\u00fablico y al Consejo de Defensa del Estado (CDE) para los fines que corresponden.<\/p>\n","protected":false},"excerpt":{"rendered":"<p>La Contralor\u00eda General de la Rep\u00fablica revel\u00f3 irregularidades en la desvinculaci\u00f3n y recontrataci\u00f3n de personal, y la adquisici\u00f3n de maquinaria en la\u00a0F\u00e1brica y Maestranza del&hellip; <\/p>\n","protected":false},"author":7,"featured_media":99645,"comment_status":"closed","ping_status":"closed","sticky":false,"template":"","format":"standard","meta":{"footnotes":""},"categories":[37],"tags":[],"class_list":["post-99644","post","type-post","status-publish","format-standard","has-post-thumbnail","hentry","category-nacional"],"_links":{"self":[{"href":"https:\/\/www.radioamigavallenar.cl\/index.php?rest_route=\/wp\/v2\/posts\/99644","targetHints":{"allow":["GET"]}}],"collection":[{"href":"https:\/\/www.radioamigavallenar.cl\/index.php?rest_route=\/wp\/v2\/posts"}],"about":[{"href":"https:\/\/www.radioamigavallenar.cl\/index.php?rest_route=\/wp\/v2\/types\/post"}],"author":[{"embeddable":true,"href":"https:\/\/www.radioamigavallenar.cl\/index.php?rest_route=\/wp\/v2\/users\/7"}],"replies":[{"embeddable":true,"href":"https:\/\/www.radioamigavallenar.cl\/index.php?rest_route=%2Fwp%2Fv2%2Fcomments&post=99644"}],"version-history":[{"count":1,"href":"https:\/\/www.radioamigavallenar.cl\/index.php?rest_route=\/wp\/v2\/posts\/99644\/revisions"}],"predecessor-version":[{"id":99646,"href":"https:\/\/www.radioamigavallenar.cl\/index.php?rest_route=\/wp\/v2\/posts\/99644\/revisions\/99646"}],"wp:featuredmedia":[{"embeddable":true,"href":"https:\/\/www.radioamigavallenar.cl\/index.php?rest_route=\/wp\/v2\/media\/99645"}],"wp:attachment":[{"href":"https:\/\/www.radioamigavallenar.cl\/index.php?rest_route=%2Fwp%2Fv2%2Fmedia&parent=99644"}],"wp:term":[{"taxonomy":"category","embeddable":true,"href":"https:\/\/www.radioamigavallenar.cl\/index.php?rest_route=%2Fwp%2Fv2%2Fcategories&post=99644"},{"taxonomy":"post_tag","embeddable":true,"href":"https:\/\/www.radioamigavallenar.cl\/index.php?rest_route=%2Fwp%2Fv2%2Ftags&post=99644"}],"curies":[{"name":"wp","href":"https:\/\/api.w.org\/{rel}","templated":true}]}}