{"id":99641,"date":"2026-03-14T00:19:41","date_gmt":"2026-03-14T03:19:41","guid":{"rendered":"https:\/\/www.radioamigavallenar.cl\/?p=99641"},"modified":"2026-03-14T00:19:41","modified_gmt":"2026-03-14T03:19:41","slug":"posibles-indultos-fiscalia-cifra-en-102-los-uniformados-condenados-por-hechos-del-estallido-social","status":"publish","type":"post","link":"https:\/\/www.radioamigavallenar.cl\/?p=99641","title":{"rendered":"Posibles indultos: Fiscal\u00eda cifra en 102 los uniformados condenados por hechos del estallido social"},"content":{"rendered":"<p>\u00abEn algunos casos de violencia extrema,\u00a0<strong>s\u00ed voy a utilizar la facultad de indulto para personas que defendieron la patria\u00bb<\/strong>. As\u00ed declar\u00f3 el Presidente Jos\u00e9 Antonio Kast tras ser consultado sobre la posibilidad de beneficiar a<strong>\u00a0funcionarios policiales y de las FF.AA. condenados<\/strong>\u00a0en el marco del estallido social.<\/p>\n<p>Las declaraciones del Mandatario fueron criticadas desde la oposici\u00f3n, quienes acusaron \u00abideolog\u00eda pura\u00bb y que una agenda del Ejecutivo \u00abprodelincuentes\u00bb, provocando el\u00a0<strong>primer choque desde la instalaci\u00f3n de la nueva administraci\u00f3n.<\/strong><\/p>\n<p>Datos de la Fiscal\u00eda Nacional actualizados a junio de 2025 cifran en\u00a0<strong>64 las sentencias condenatorias ejecutoriadas<\/strong>\u00a0por uniformados en el marco de las protestas iniciadas en octubre de 2019.<\/p>\n<p>En total, son\u00a0<strong>102 los funcionarios condenados<\/strong>\u00a0en hechos ocurridos entre el 18 de octubre de 2019 y el 31 de marzo de 2020.<\/p>\n<p>El desglose por polic\u00eda es el siguiente:\u00a0<strong>85 de los condenados corresponden a Carabineros de Chile; 16 al Ej\u00e9rcito, y 1 a la Armada.<\/strong><\/p>\n<p>&nbsp;<\/p>\n<p style=\"text-align: center;\"><strong>Nombres que suenan para el indulto<\/strong><\/p>\n<p>&nbsp;<\/p>\n<p>Son varios los nombres que ya resuenan como posibles futuros indultados por el Presidente Kast.<\/p>\n<p>Uno es el de<strong>\u00a0Jos\u00e9 Santiago Fa\u00fandez Sep\u00falveda,<\/strong>\u00a0excapit\u00e1n del Ej\u00e9rcito condenado a 15 a\u00f1os de c\u00e1rcel por el\u00a0<strong>delito de violencia innecesaria.<\/strong>\u00a0Esto, por su participaci\u00f3n en la muerte del manifestante Romario Veloz Cort\u00e9s.<\/p>\n<p>El uniformado estaba a cargo de la unidad militar que el 20 de octubre de 2019 lleg\u00f3 hasta el sector del Mall Plaza La Serena, donde se registraban manifestaciones y un saqueo.<strong>\u00a0All\u00ed, habr\u00eda dado la orden de abrir fuego<\/strong>, decisi\u00f3n que llev\u00f3 a la muerte del estudiante de nacionalidad ecuatoriana y provoc\u00f3 lesiones a otras dos personas.<\/p>\n<p>Por el hecho tambi\u00e9n fueron condenados dos soldados:\u00a0<strong>Carlos Robledo Olgu\u00edn<\/strong>\u00a0a 10 a\u00f1os de c\u00e1rcel, y al\u00a0<strong>cabo Jos\u00e9 Arenas Macilla<\/strong>\u00a0a cinco a\u00f1os de presidio.<\/p>\n<p>Otro que podr\u00eda ser indultado es el excapit\u00e1n de Carabineros,\u00a0<strong>Patricio Maturana,\u00a0<\/strong>quien fue condenado en 2022 a 12 a\u00f1os y 183 d\u00edas de presidio por el<strong>\u00a0delito de apremios ileg\u00edtimos<\/strong>\u00a0con resultado de lesiones graves grav\u00edsimas contra la senadora<strong>\u00a0Fabiola Campillay.<\/strong><\/p>\n<p>La justicia concluy\u00f3 que el exfuncionario fue el r<strong>esponsable de disparar la lacrim\u00f3gena que ceg\u00f3 a Campillay<\/strong>\u00a0en noviembre 2019 cuando la parlamentaria se encontraba esperando locomoci\u00f3n colectiva en San Bernardo.<\/p>\n<p>Se suma el caso del\u00a0<strong>exteniente de Carabineros, Nicol\u00e1s Neira Dur\u00e1n, y el caso segundo Gustavo Ferrada V\u00e1squez.<\/strong>\u00a0El Cuarto Tribunal de Juicio Oral en lo Penal de Santiago los conden\u00f3 en 2024 por el<strong>\u00a0delito consumado de torturas<\/strong>\u00a0ocurridos en una estaci\u00f3n de Metro. A Neira le dieron cinco a\u00f1os de c\u00e1rcel y a Ferrada, cuatro.<\/p>\n<p>Seg\u00fan se constat\u00f3, el 31 de enero de 2020 en el metro Universidad de Chile ambos sometieron a agresiones a un manifestante detenido. La investigaci\u00f3n concluy\u00f3 que<strong>\u00a0lo golpearon con un bast\u00f3n, le torcieron los dedos y brazos, lo asfixiaron y lo azotaron contra un port\u00f3n.<\/strong><\/p>\n<p>La v\u00edctima result\u00f3 con varias lesiones, entre ellas, una de \u00abcar\u00e1cter grave consistente en fractura de huesos nasales con desplazamiento\u00bb.<\/p>\n","protected":false},"excerpt":{"rendered":"<p>\u00abEn algunos casos de violencia extrema,\u00a0s\u00ed voy a utilizar la facultad de indulto para personas que defendieron la patria\u00bb. As\u00ed declar\u00f3 el Presidente Jos\u00e9 Antonio&hellip; <\/p>\n","protected":false},"author":7,"featured_media":99642,"comment_status":"closed","ping_status":"closed","sticky":false,"template":"","format":"standard","meta":{"footnotes":""},"categories":[37],"tags":[],"class_list":["post-99641","post","type-post","status-publish","format-standard","has-post-thumbnail","hentry","category-nacional"],"_links":{"self":[{"href":"https:\/\/www.radioamigavallenar.cl\/index.php?rest_route=\/wp\/v2\/posts\/99641","targetHints":{"allow":["GET"]}}],"collection":[{"href":"https:\/\/www.radioamigavallenar.cl\/index.php?rest_route=\/wp\/v2\/posts"}],"about":[{"href":"https:\/\/www.radioamigavallenar.cl\/index.php?rest_route=\/wp\/v2\/types\/post"}],"author":[{"embeddable":true,"href":"https:\/\/www.radioamigavallenar.cl\/index.php?rest_route=\/wp\/v2\/users\/7"}],"replies":[{"embeddable":true,"href":"https:\/\/www.radioamigavallenar.cl\/index.php?rest_route=%2Fwp%2Fv2%2Fcomments&post=99641"}],"version-history":[{"count":1,"href":"https:\/\/www.radioamigavallenar.cl\/index.php?rest_route=\/wp\/v2\/posts\/99641\/revisions"}],"predecessor-version":[{"id":99643,"href":"https:\/\/www.radioamigavallenar.cl\/index.php?rest_route=\/wp\/v2\/posts\/99641\/revisions\/99643"}],"wp:featuredmedia":[{"embeddable":true,"href":"https:\/\/www.radioamigavallenar.cl\/index.php?rest_route=\/wp\/v2\/media\/99642"}],"wp:attachment":[{"href":"https:\/\/www.radioamigavallenar.cl\/index.php?rest_route=%2Fwp%2Fv2%2Fmedia&parent=99641"}],"wp:term":[{"taxonomy":"category","embeddable":true,"href":"https:\/\/www.radioamigavallenar.cl\/index.php?rest_route=%2Fwp%2Fv2%2Fcategories&post=99641"},{"taxonomy":"post_tag","embeddable":true,"href":"https:\/\/www.radioamigavallenar.cl\/index.php?rest_route=%2Fwp%2Fv2%2Ftags&post=99641"}],"curies":[{"name":"wp","href":"https:\/\/api.w.org\/{rel}","templated":true}]}}