{"id":99638,"date":"2026-03-14T00:15:24","date_gmt":"2026-03-14T03:15:24","guid":{"rendered":"https:\/\/www.radioamigavallenar.cl\/?p=99638"},"modified":"2026-03-14T00:15:24","modified_gmt":"2026-03-14T03:15:24","slug":"gobierno-de-kast-revela-nombres-de-delegados-presidenciales-provinciales-revisa-a-autoridades-aqui","status":"publish","type":"post","link":"https:\/\/www.radioamigavallenar.cl\/?p=99638","title":{"rendered":"Gobierno de Kast revela nombres de delegados presidenciales provinciales: revisa a autoridades aqu\u00ed"},"content":{"rendered":"<p>El gobierno de\u00a0<strong>Jos\u00e9 Antonio Kast\u00a0<\/strong>comunic\u00f3 ayer viernes la n\u00f3mina completa de autoridades que ejercer\u00e1n como delegados presidenciales provinciales. La lista incluye perfiles con experiencia en el sector p\u00fablico y privado.<\/p>\n<p>En el norte del pa\u00eds, las designaciones abarcan desde la regi\u00f3n de Arica y Parinacota hasta Coquimbo.\u00a0<strong>Sebasti\u00e1n Huerta<\/strong>\u00a0fue nombrado en Parinacota, mientras que\u00a0<strong>Karen Heyne Bolados<\/strong>\u00a0asumir\u00e1 en Tamarugal.<\/p>\n<p>En la regi\u00f3n de Antofagasta,\u00a0<strong>Cristi\u00e1n Ram\u00edrez<\/strong>\u00a0estar\u00e1 a cargo de El Loa y\u00a0<strong>Daniela Vecchiola<\/strong>\u00a0en Tocopilla.<\/p>\n<h2 style=\"text-align: center;\">Los delegados en zonas extremas y litoral<\/h2>\n<p>Para la regi\u00f3n de Atacama,\u00a0<strong>Juan Donoso<\/strong>\u00a0fue designado en Huasco y\u00a0<strong>Sebasti\u00e1n Urrejola<\/strong>\u00a0en Cha\u00f1aral. En Coquimbo,\u00a0<strong>Ivonne Guerra<\/strong>\u00a0representar\u00e1 a Limar\u00ed y\u00a0<strong>Cristi\u00e1n Rondanelli<\/strong>\u00a0a Choapa.<\/p>\n<p>La zona central tambi\u00e9n cuenta con nuevos delegados, como\u00a0<strong>Pilar Cuevas<\/strong>\u00a0en Quillota y\u00a0<strong>Soledad Loyola<\/strong> en San Antonio.<\/p>\n<p>En la regi\u00f3n de Valpara\u00edso tambi\u00e9n asumir\u00e1n\u00a0<strong>Sebasti\u00e1n Caldera<\/strong>\u00a0en San Felipe,\u00a0<strong>Ricardo Figueroa<\/strong>\u00a0en Los Andes y\u00a0<strong>Andr\u00e9s Soza<\/strong>\u00a0en Petorca. Destaca la designaci\u00f3n de\u00a0<strong>Mai Teao<\/strong>\u00a0en Isla de Pascua y\u00a0<strong>Gonzalo Azancot<\/strong>\u00a0en Marga Marga.<\/p>\n<p>La Regi\u00f3n Metropolitana tendr\u00e1 cinco nuevos delegados provinciales.\u00a0<strong>Mar\u00eda Francisca Rubio\u00a0<\/strong>liderar\u00e1 Maipo, mientras que\u00a0<strong>Mar\u00eda Ang\u00e9lica Villadangos<\/strong>\u00a0estar\u00e1 a cargo de Cordillera.<strong>\u00a0Anne Marie M\u00fcller<\/strong>\u00a0fue designada en Talagante,\u00a0<strong>Gast\u00f3n Levuy\u00a0<\/strong>en Melipilla y<strong>\u00a0Crist\u00f3bal Saavedra<\/strong>\u00a0en Chacabuco.<\/p>\n<p>En la zona sur, O\u2019Higgins contar\u00e1 con\u00a0<strong>Mauricio Donoso\u00a0<\/strong>en Colchagua y Patricio Arenas en\u00a0<strong>Cardenal Caro<\/strong>. Para el Maule, las designaciones recayeron en\u00a0<strong>Cristi\u00e1n Gonz\u00e1lez<\/strong>\u00a0para Linares,\u00a0<strong>\u00d3scar \u00c1guila<\/strong>\u00a0en Curic\u00f3 y\u00a0<strong>Sim\u00f3n Recabal\u00a0<\/strong>en Cauquenes. En \u00d1uble,\u00a0<strong>Tom\u00e1s Landaeta<\/strong>\u00a0asumir\u00e1 en Itata y\u00a0<strong>Crist\u00f3bal Jardua<\/strong>\u00a0en Punilla.<\/p>\n<h2 style=\"text-align: center;\">Perfiles regionales en zona austral<\/h2>\n<p>La regi\u00f3n del B\u00edo B\u00edo tendr\u00e1 a\u00a0<strong>Juan Pablo Mellado<\/strong>\u00a0en B\u00edo B\u00edo y a\u00a0<strong>Pedro Marileo<\/strong>\u00a0en Arauco. En La Araucan\u00eda,\u00a0<strong>V\u00edctor Manoli<\/strong>\u00a0fue designado en Malleco, mientras que en Los R\u00edos,\u00a0<strong>\u00c1lex Valderrama<\/strong>\u00a0representar\u00e1 a Ranco. Los Lagos suma a\u00a0<strong>Alejandro Rehbein\u00a0<\/strong>en Osorno, Fernando B\u00f3rquez en Chilo\u00e9 y\u00a0<strong>Marcelo Cifuentes<\/strong>\u00a0en Palena.<\/p>\n<p>Finalmente, en la regi\u00f3n de Ays\u00e9n los nombramientos recayeron en\u00a0<strong>Eligio Montecinos<\/strong>\u00a0para Ays\u00e9n,\u00a0<strong>Jorge Abello<\/strong>\u00a0en General Carrera y\u00a0<strong>Roberto Recabal<\/strong>\u00a0en Capit\u00e1n Prat. En Magallanes,\u00a0<strong>Liber Lazo<\/strong>\u00a0fue designado en \u00daltima Esperanza,\u00a0<strong>Margarita Norambuena<\/strong>\u00a0en Tierra del Fuego y\u00a0<strong>Rodolfo Moncada<\/strong>\u00a0en la Ant\u00e1rtica chilena.<\/p>\n<p>Los nuevos delegados deber\u00e1n asumir sus funciones a la brevedad, seg\u00fan confirm\u00f3 el\u00a0<a href=\"https:\/\/www.gob.cl\/\" target=\"_blank\" rel=\"noopener\">gobierno<\/a>.<\/p>\n","protected":false},"excerpt":{"rendered":"<p>El gobierno de\u00a0Jos\u00e9 Antonio Kast\u00a0comunic\u00f3 ayer viernes la n\u00f3mina completa de autoridades que ejercer\u00e1n como delegados presidenciales provinciales. La lista incluye perfiles con experiencia en&hellip; <\/p>\n","protected":false},"author":7,"featured_media":99639,"comment_status":"closed","ping_status":"closed","sticky":false,"template":"","format":"standard","meta":{"footnotes":""},"categories":[37],"tags":[],"class_list":["post-99638","post","type-post","status-publish","format-standard","has-post-thumbnail","hentry","category-nacional"],"_links":{"self":[{"href":"https:\/\/www.radioamigavallenar.cl\/index.php?rest_route=\/wp\/v2\/posts\/99638","targetHints":{"allow":["GET"]}}],"collection":[{"href":"https:\/\/www.radioamigavallenar.cl\/index.php?rest_route=\/wp\/v2\/posts"}],"about":[{"href":"https:\/\/www.radioamigavallenar.cl\/index.php?rest_route=\/wp\/v2\/types\/post"}],"author":[{"embeddable":true,"href":"https:\/\/www.radioamigavallenar.cl\/index.php?rest_route=\/wp\/v2\/users\/7"}],"replies":[{"embeddable":true,"href":"https:\/\/www.radioamigavallenar.cl\/index.php?rest_route=%2Fwp%2Fv2%2Fcomments&post=99638"}],"version-history":[{"count":1,"href":"https:\/\/www.radioamigavallenar.cl\/index.php?rest_route=\/wp\/v2\/posts\/99638\/revisions"}],"predecessor-version":[{"id":99640,"href":"https:\/\/www.radioamigavallenar.cl\/index.php?rest_route=\/wp\/v2\/posts\/99638\/revisions\/99640"}],"wp:featuredmedia":[{"embeddable":true,"href":"https:\/\/www.radioamigavallenar.cl\/index.php?rest_route=\/wp\/v2\/media\/99639"}],"wp:attachment":[{"href":"https:\/\/www.radioamigavallenar.cl\/index.php?rest_route=%2Fwp%2Fv2%2Fmedia&parent=99638"}],"wp:term":[{"taxonomy":"category","embeddable":true,"href":"https:\/\/www.radioamigavallenar.cl\/index.php?rest_route=%2Fwp%2Fv2%2Fcategories&post=99638"},{"taxonomy":"post_tag","embeddable":true,"href":"https:\/\/www.radioamigavallenar.cl\/index.php?rest_route=%2Fwp%2Fv2%2Ftags&post=99638"}],"curies":[{"name":"wp","href":"https:\/\/api.w.org\/{rel}","templated":true}]}}