{"id":99635,"date":"2026-03-14T00:13:19","date_gmt":"2026-03-14T03:13:19","guid":{"rendered":"https:\/\/www.radioamigavallenar.cl\/?p=99635"},"modified":"2026-03-14T00:13:19","modified_gmt":"2026-03-14T03:13:19","slug":"ministro-quiroz-cierra-filas-y-manda-a-grau-a-leer-informe-que-el-mismo-escribio-el-ano-pasado","status":"publish","type":"post","link":"https:\/\/www.radioamigavallenar.cl\/?p=99635","title":{"rendered":"Ministro Quiroz cierra filas y manda a Grau a \u00ableer informe que \u00e9l mismo escribi\u00f3 el a\u00f1o pasado\u00bb"},"content":{"rendered":"<p>Durante la tarde de ayer viernes, el ministro de Hacienda, <strong>Jorge Quiroz<\/strong>, se reuni\u00f3 con el Presidente para cerrar la jornada y actualizar la informaci\u00f3n en materia internacional. A su salida, la autoridad se refiri\u00f3 a los dichos del exministro\u00a0<strong>Nicol\u00e1s Grau<\/strong>, quien cuestion\u00f3 las cifras entregadas por \u00e9l en su punto de prensa matinal respecto a la situaci\u00f3n fiscal.<\/p>\n<p>Consultado por la prensa sobre las declaraciones de Grau, quien rebati\u00f3 los n\u00fameros, Quiroz fue escueto en su respuesta. \u201c<strong>Tiene que leer el informe que \u00e9l mismo escribi\u00f3 el a\u00f1o pasado, nada m\u00e1s<\/strong>\u201d, se\u00f1al\u00f3 el jefe de las arcas p\u00fablicas.<\/p>\n<p>Al ser consultado sobre a qu\u00e9 documento espec\u00edfico se refer\u00eda y d\u00f3nde estaba la diferencia con las cifras, el Ministro identific\u00f3 el informe de finanzas p\u00fablicas. Ante la insistencia de la prensa sobre la discrepancia planteada por el exministro, Quiroz reiter\u00f3: \u201cTiene que leer el informe no m\u00e1s\u201d, dando paso a la siguiente pregunta.<\/p>\n<blockquote><p>Respecto al Mecanismo de Estabilizaci\u00f3n de los Combustibles (Mepco), la autoridad fue consultada sobre si se est\u00e1 evaluando solicitar una ampliaci\u00f3n del Fondo de Estabilizaci\u00f3n. Quiroz descart\u00f3 que existan conversaciones en curso sobre esa materia. \u201c<strong>No hay ninguna de esas conversaciones que est\u00e9 en curso. Sencillamente hoy d\u00eda vine a actualizar al Presidente de la situaci\u00f3n internacional y de lo que significa en t\u00e9rminos de los recursos, y estamos estudiando la situaci\u00f3n<\/strong>\u201d, explic\u00f3.<\/p><\/blockquote>\n<p>Ante la consulta sobre si existe preocupaci\u00f3n por esta situaci\u00f3n, el ministro Quiroz afirm\u00f3 que \u201csiempre hay preocupaci\u00f3n por gobernar bien\u201d. Al ser preguntado sobre cu\u00e1nto puede afectar esto a los chilenos respecto a la caja fiscal, la autoridad se limit\u00f3 a agradecer y dar por terminadas las preguntas.<\/p>\n<h2 style=\"text-align: center;\">Ministra de Energ\u00eda y los puntos de la reuni\u00f3n<\/h2>\n<p>En la reuni\u00f3n tambi\u00e9n particip\u00f3 la ministra de Energ\u00eda,\u00a0<strong>Ximena Rinc\u00f3n<\/strong>, quien explic\u00f3 que estuvieron viendo el tema respecto a la situaci\u00f3n de la guerra y c\u00f3mo impacta en los precios de los combustibles.<\/p>\n<p>Consultada sobre si hablaron de las implicaciones de la caja fiscal y lo comentado por Quiroz, la secretaria de Estado confirm\u00f3 que s\u00ed abordaron esos temas, aunque deriv\u00f3 las consultas al ministro de Hacienda.<\/p>\n<p>\u201cCreo que es importante que puedan hablar con el ministro de Hacienda, que es el que lleva estos temas. Lo que les puedo decir es que estamos trabajando para que el pa\u00eds funcione y podamos anticiparnos a cualquier escenario negativo\u201d, afirm\u00f3.<\/p>\n<h2>Cruce de ministro Quiroz con Grau por \u201ccaja fiscal\u201d<\/h2>\n<p>Recordemos que durante la ma\u00f1ana de este viernes, tras el primer consejo de gabinete del presidente Jos\u00e9 Antonio Kast, el\u00a0<a href=\"https:\/\/x.com\/Min_Hacienda\" target=\"_blank\" rel=\"noopener\">ministro de Hacienda\u00a0<\/a>ya hab\u00eda comentado lo relacionado a las alzas internacionales en los precios del petr\u00f3leo por la\u00a0<strong>guerra entre Estados Unidos\/Israel e Ir\u00e1n<\/strong>.<\/p>\n<p>En la instancia matutina, la autoridad asegur\u00f3 que el fisco \u201cse qued\u00f3 sin caja\u201d luego de la anterior administraci\u00f3n del expresidente Gabriel Boric.<\/p>\n<p>Quiroz especific\u00f3 que la caja con que cerr\u00f3 la administraci\u00f3n anterior fue de US$40 millones al 31 de diciembre del 2025, contrastando con los niveles habituales.<\/p>\n<p>Tras las declaraciones del ministro, el exjefe de las finanzas p\u00fablicas bajo el gobierno de Gabriel Boric, Nicol\u00e1s Grau, public\u00f3 un mensaje en redes sociales explicando que la \u00faltima cifra p\u00fablica de la \u201ccaja\u201d fiscal ascend\u00eda a US$1.406 millones a enero de este a\u00f1o. \u201cEl valor a inicios de esta semana (fluct\u00faa mucho) era sobre 800 millones de d\u00f3lares\u201d, a\u00f1adi\u00f3 el exministro.<\/p>\n<h2>Efectos del Mepco y el contexto del alza internacional del petr\u00f3leo<\/h2>\n<p>Las declaraciones de Quiroz sobre las finanzas p\u00fablicas las enmarc\u00f3 en el contexto de herramientas como el Mecanismo de Estabilizaci\u00f3n de los Combustibles (Mepco), que ayudan a amortiguar las alzas de los precios del petr\u00f3leo. La autoridad destac\u00f3 la magnitud del incremento internacional del crudo.<\/p>\n<p>\u201cEn la \u00faltima semana, el precio del petr\u00f3leo subi\u00f3 34% en los mercados internacionales, y esta situaci\u00f3n no se ve\u00eda desde 1985\u201d, asegur\u00f3 el ministro, recordando que el motor de estas alzas ha sido la guerra en Ir\u00e1n.<\/p>\n<p>El secretario de Estado explic\u00f3 que estas subidas de precio impactan y no se sabe el desenlace futuro, aunque las perspectivas apuntan a que se trata de un fen\u00f3meno de precios probablemente distinto y m\u00e1s complejo del que se ha observado en los \u00faltimos a\u00f1os. En ese sentido, record\u00f3 el papel del Mepco.<\/p>\n<p>Quiroz se\u00f1al\u00f3 que el mecanismo \u201camortigua las alzas, pero al final transmiten los precios\u201d, afirmando que genera efectos en recaudaci\u00f3n fiscal y eventualmente en desembolso. \u201cEso se encuentra hoy d\u00eda con un gobierno que ha tenido que heredar del anterior un fisco sin caja\u201d, sentenci\u00f3 el l\u00edder de Teatinos 120.<\/p>\n","protected":false},"excerpt":{"rendered":"<p>Durante la tarde de ayer viernes, el ministro de Hacienda, Jorge Quiroz, se reuni\u00f3 con el Presidente para cerrar la jornada y actualizar la informaci\u00f3n&hellip; <\/p>\n","protected":false},"author":7,"featured_media":99636,"comment_status":"closed","ping_status":"closed","sticky":false,"template":"","format":"standard","meta":{"footnotes":""},"categories":[37],"tags":[],"class_list":["post-99635","post","type-post","status-publish","format-standard","has-post-thumbnail","hentry","category-nacional"],"_links":{"self":[{"href":"https:\/\/www.radioamigavallenar.cl\/index.php?rest_route=\/wp\/v2\/posts\/99635","targetHints":{"allow":["GET"]}}],"collection":[{"href":"https:\/\/www.radioamigavallenar.cl\/index.php?rest_route=\/wp\/v2\/posts"}],"about":[{"href":"https:\/\/www.radioamigavallenar.cl\/index.php?rest_route=\/wp\/v2\/types\/post"}],"author":[{"embeddable":true,"href":"https:\/\/www.radioamigavallenar.cl\/index.php?rest_route=\/wp\/v2\/users\/7"}],"replies":[{"embeddable":true,"href":"https:\/\/www.radioamigavallenar.cl\/index.php?rest_route=%2Fwp%2Fv2%2Fcomments&post=99635"}],"version-history":[{"count":1,"href":"https:\/\/www.radioamigavallenar.cl\/index.php?rest_route=\/wp\/v2\/posts\/99635\/revisions"}],"predecessor-version":[{"id":99637,"href":"https:\/\/www.radioamigavallenar.cl\/index.php?rest_route=\/wp\/v2\/posts\/99635\/revisions\/99637"}],"wp:featuredmedia":[{"embeddable":true,"href":"https:\/\/www.radioamigavallenar.cl\/index.php?rest_route=\/wp\/v2\/media\/99636"}],"wp:attachment":[{"href":"https:\/\/www.radioamigavallenar.cl\/index.php?rest_route=%2Fwp%2Fv2%2Fmedia&parent=99635"}],"wp:term":[{"taxonomy":"category","embeddable":true,"href":"https:\/\/www.radioamigavallenar.cl\/index.php?rest_route=%2Fwp%2Fv2%2Fcategories&post=99635"},{"taxonomy":"post_tag","embeddable":true,"href":"https:\/\/www.radioamigavallenar.cl\/index.php?rest_route=%2Fwp%2Fv2%2Ftags&post=99635"}],"curies":[{"name":"wp","href":"https:\/\/api.w.org\/{rel}","templated":true}]}}