{"id":99632,"date":"2026-03-14T00:09:57","date_gmt":"2026-03-14T03:09:57","guid":{"rendered":"https:\/\/www.radioamigavallenar.cl\/?p=99632"},"modified":"2026-03-14T00:09:57","modified_gmt":"2026-03-14T03:09:57","slug":"proyecto-mejorara-estacionamiento-universal-en-escuela-jose-miguel-carrera-de-huasco","status":"publish","type":"post","link":"https:\/\/www.radioamigavallenar.cl\/?p=99632","title":{"rendered":"Proyecto mejorar\u00e1 estacionamiento universal en Escuela Jos\u00e9 Miguel Carrera de Huasco"},"content":{"rendered":"<p data-pm-slice=\"1 1 []\">Una visita de autoridades municipales permiti\u00f3 anunciar una importante mejora en infraestructura para la comunidad educativa de la Escuela Jos\u00e9 Miguel Carrera, en la comuna de Huasco.<\/p>\n<p>Durante la jornada, el alcalde de la Ilustre Municipalidad de Huasco, acompa\u00f1ado por funcionarios del Departamento de Obras Municipales, lleg\u00f3 hasta el establecimiento para informar oficialmente la ejecuci\u00f3n del proyecto denominado \u201cMejoramiento Estacionamiento Universal Escuela Jos\u00e9 Miguel Carrera\u201d, iniciativa que busca fortalecer las condiciones de accesibilidad dentro del recinto educacional.<\/p>\n<p>De acuerdo con lo informado por el municipio, antecedentes que tambi\u00e9n comparte Reportes Valles del Huasco para mantener informada a la comunidad, el proyecto contempla la adecuaci\u00f3n y mejoramiento del espacio destinado a estacionamiento universal, permitiendo contar con una infraestructura m\u00e1s segura, accesible y acorde a las normativas vigentes de accesibilidad universal.<\/p>\n<p>La intervenci\u00f3n busca beneficiar directamente a estudiantes, funcionarios, apoderados y visitantes que requieran de estas condiciones, promoviendo espacios educativos m\u00e1s inclusivos y accesibles para toda la comunidad.<\/p>\n<p>Desde la comunidad educativa valoraron positivamente el anuncio, destacando que este tipo de iniciativas contribuyen al fortalecimiento de la infraestructura escolar y al desarrollo de entornos que faciliten la participaci\u00f3n de todas las personas en igualdad de condiciones.<\/p>\n","protected":false},"excerpt":{"rendered":"<p>Una visita de autoridades municipales permiti\u00f3 anunciar una importante mejora en infraestructura para la comunidad educativa de la Escuela Jos\u00e9 Miguel Carrera, en la comuna&hellip; <\/p>\n","protected":false},"author":7,"featured_media":99633,"comment_status":"closed","ping_status":"closed","sticky":false,"template":"","format":"standard","meta":{"footnotes":""},"categories":[7],"tags":[],"class_list":["post-99632","post","type-post","status-publish","format-standard","has-post-thumbnail","hentry","category-atacama"],"_links":{"self":[{"href":"https:\/\/www.radioamigavallenar.cl\/index.php?rest_route=\/wp\/v2\/posts\/99632","targetHints":{"allow":["GET"]}}],"collection":[{"href":"https:\/\/www.radioamigavallenar.cl\/index.php?rest_route=\/wp\/v2\/posts"}],"about":[{"href":"https:\/\/www.radioamigavallenar.cl\/index.php?rest_route=\/wp\/v2\/types\/post"}],"author":[{"embeddable":true,"href":"https:\/\/www.radioamigavallenar.cl\/index.php?rest_route=\/wp\/v2\/users\/7"}],"replies":[{"embeddable":true,"href":"https:\/\/www.radioamigavallenar.cl\/index.php?rest_route=%2Fwp%2Fv2%2Fcomments&post=99632"}],"version-history":[{"count":1,"href":"https:\/\/www.radioamigavallenar.cl\/index.php?rest_route=\/wp\/v2\/posts\/99632\/revisions"}],"predecessor-version":[{"id":99634,"href":"https:\/\/www.radioamigavallenar.cl\/index.php?rest_route=\/wp\/v2\/posts\/99632\/revisions\/99634"}],"wp:featuredmedia":[{"embeddable":true,"href":"https:\/\/www.radioamigavallenar.cl\/index.php?rest_route=\/wp\/v2\/media\/99633"}],"wp:attachment":[{"href":"https:\/\/www.radioamigavallenar.cl\/index.php?rest_route=%2Fwp%2Fv2%2Fmedia&parent=99632"}],"wp:term":[{"taxonomy":"category","embeddable":true,"href":"https:\/\/www.radioamigavallenar.cl\/index.php?rest_route=%2Fwp%2Fv2%2Fcategories&post=99632"},{"taxonomy":"post_tag","embeddable":true,"href":"https:\/\/www.radioamigavallenar.cl\/index.php?rest_route=%2Fwp%2Fv2%2Ftags&post=99632"}],"curies":[{"name":"wp","href":"https:\/\/api.w.org\/{rel}","templated":true}]}}