{"id":99629,"date":"2026-03-14T00:08:33","date_gmt":"2026-03-14T03:08:33","guid":{"rendered":"https:\/\/www.radioamigavallenar.cl\/?p=99629"},"modified":"2026-03-14T00:08:33","modified_gmt":"2026-03-14T03:08:33","slug":"liceo-pedro-troncoso-machuca-obtiene-por-primera-vez-reconocimiento-de-excelencia-educativa","status":"publish","type":"post","link":"https:\/\/www.radioamigavallenar.cl\/?p=99629","title":{"rendered":"Liceo Pedro Troncoso Machuca obtiene por primera vez reconocimiento de excelencia educativa"},"content":{"rendered":"<p data-pm-slice=\"1 1 []\">Un importante hito para la educaci\u00f3n de Vallenar fue anunciado por la comunidad educativa del Liceo Pedro Troncoso Machuca, establecimiento que por primera vez en sus 89 a\u00f1os de historia obtuvo el Reconocimiento de Desempe\u00f1o de Excelencia otorgado por el Sistema Nacional de Evaluaci\u00f3n de Desempe\u00f1o de Establecimientos Educacionales Subvencionados (SNED).<\/p>\n<p>Seg\u00fan la informaci\u00f3n difundida por el propio establecimiento y compartida por Reportes Valles del Huasco, este reconocimiento permite al liceo mantener la categor\u00eda de Desempe\u00f1o de Excelencia, distinci\u00f3n que se entrega considerando diversos indicadores del sistema educativo.<\/p>\n<p>Entre los factores evaluados se encuentran los resultados de las mediciones SIMCE correspondientes a los a\u00f1os 2023 y 2024, as\u00ed como otros indicadores asociados al desarrollo institucional, reflejando el trabajo sostenido de la comunidad educativa en la mejora de los aprendizajes.<\/p>\n<p>Desde el establecimiento destacaron que este logro es fruto del compromiso permanente de docentes, asistentes de la educaci\u00f3n, estudiantes, apoderados y familias, quienes han contribuido d\u00eda a d\u00eda a fortalecer el proyecto educativo del liceo.<\/p>\n<p>La comunidad del Liceo Pedro Troncoso Machuca valor\u00f3 este reconocimiento como un motivo de orgullo institucional y un incentivo para continuar trabajando por una educaci\u00f3n de calidad para las nuevas generaciones.<\/p>\n","protected":false},"excerpt":{"rendered":"<p>Un importante hito para la educaci\u00f3n de Vallenar fue anunciado por la comunidad educativa del Liceo Pedro Troncoso Machuca, establecimiento que por primera vez en&hellip; <\/p>\n","protected":false},"author":7,"featured_media":99630,"comment_status":"closed","ping_status":"closed","sticky":false,"template":"","format":"standard","meta":{"footnotes":""},"categories":[7],"tags":[],"class_list":["post-99629","post","type-post","status-publish","format-standard","has-post-thumbnail","hentry","category-atacama"],"_links":{"self":[{"href":"https:\/\/www.radioamigavallenar.cl\/index.php?rest_route=\/wp\/v2\/posts\/99629","targetHints":{"allow":["GET"]}}],"collection":[{"href":"https:\/\/www.radioamigavallenar.cl\/index.php?rest_route=\/wp\/v2\/posts"}],"about":[{"href":"https:\/\/www.radioamigavallenar.cl\/index.php?rest_route=\/wp\/v2\/types\/post"}],"author":[{"embeddable":true,"href":"https:\/\/www.radioamigavallenar.cl\/index.php?rest_route=\/wp\/v2\/users\/7"}],"replies":[{"embeddable":true,"href":"https:\/\/www.radioamigavallenar.cl\/index.php?rest_route=%2Fwp%2Fv2%2Fcomments&post=99629"}],"version-history":[{"count":1,"href":"https:\/\/www.radioamigavallenar.cl\/index.php?rest_route=\/wp\/v2\/posts\/99629\/revisions"}],"predecessor-version":[{"id":99631,"href":"https:\/\/www.radioamigavallenar.cl\/index.php?rest_route=\/wp\/v2\/posts\/99629\/revisions\/99631"}],"wp:featuredmedia":[{"embeddable":true,"href":"https:\/\/www.radioamigavallenar.cl\/index.php?rest_route=\/wp\/v2\/media\/99630"}],"wp:attachment":[{"href":"https:\/\/www.radioamigavallenar.cl\/index.php?rest_route=%2Fwp%2Fv2%2Fmedia&parent=99629"}],"wp:term":[{"taxonomy":"category","embeddable":true,"href":"https:\/\/www.radioamigavallenar.cl\/index.php?rest_route=%2Fwp%2Fv2%2Fcategories&post=99629"},{"taxonomy":"post_tag","embeddable":true,"href":"https:\/\/www.radioamigavallenar.cl\/index.php?rest_route=%2Fwp%2Fv2%2Ftags&post=99629"}],"curies":[{"name":"wp","href":"https:\/\/api.w.org\/{rel}","templated":true}]}}