{"id":99626,"date":"2026-03-14T00:00:34","date_gmt":"2026-03-14T03:00:34","guid":{"rendered":"https:\/\/www.radioamigavallenar.cl\/?p=99626"},"modified":"2026-03-14T00:07:21","modified_gmt":"2026-03-14T03:07:21","slug":"freirina-fortalece-la-inclusion-social-y-los-derechos-de-las-personas-con-discapacidad","status":"publish","type":"post","link":"https:\/\/www.radioamigavallenar.cl\/?p=99626","title":{"rendered":"Freirina fortalece la inclusi\u00f3n social y los derechos de las personas con discapacidad"},"content":{"rendered":"<p>En el sal\u00f3n principal del edificio Los Portales de Freirina se realiz\u00f3 el taller \u00abFortalecimiento de la inclusi\u00f3n: empoderando voces por los derechos de las personas con discapacidad\u00bb una instancia formativa organizada por la Municipalidad de Freirina a trav\u00e9s de su Oficina de Discapacidad Freirina.<\/p>\n<p>La actividad fue desarrollada por la estudiante en pr\u00e1ctica de T\u00e9cnico en Trabajo Social, Magdalena Torres Barrios, quien expuso a las y los dirigentes sociales sobre los principales derechos de las personas con discapacidad y la importancia de promover su participaci\u00f3n social en la vida comunitaria. Durante el encuentro se abordaron los \u00faltimos avances legislativos recientes en materia de inclusi\u00f3n.<\/p>\n<p>En la jornada participaron representantes de distintos territorios y organizaciones sociales, entre ellos dirigentes de Vicu\u00f1a Mackenna, tanto su JJ.VV como el Club de Adulto Mayor Sol Eterno, la Junta de Vecinos Centro Freirina, Junta de Vecinos de Tatara, Junta de Vecinos de Roberto Callejas, as\u00ed como integrantes de agrupaciones vinculadas a la discapacidad como agrupaci\u00f3n Los de la Casa.<\/p>\n<p>El taller incluy\u00f3 adem\u00e1s un ejercicio pr\u00e1ctico en el que las y los participantes trabajaron en la planificaci\u00f3n de actividades inclusivas para sus propios territorios. La instancia finaliz\u00f3 con un espacio de di\u00e1logo y recopilaci\u00f3n de propuestas planteadas por las y los dirigentes, reforzando el compromiso comunitario con la inclusi\u00f3n y la participaci\u00f3n de las personas con discapacidad en la comuna.<\/p>\n","protected":false},"excerpt":{"rendered":"<p>En el sal\u00f3n principal del edificio Los Portales de Freirina se realiz\u00f3 el taller \u00abFortalecimiento de la inclusi\u00f3n: empoderando voces por los derechos de las&hellip; <\/p>\n","protected":false},"author":7,"featured_media":99627,"comment_status":"closed","ping_status":"closed","sticky":false,"template":"","format":"standard","meta":{"footnotes":""},"categories":[7],"tags":[],"class_list":["post-99626","post","type-post","status-publish","format-standard","has-post-thumbnail","hentry","category-atacama"],"_links":{"self":[{"href":"https:\/\/www.radioamigavallenar.cl\/index.php?rest_route=\/wp\/v2\/posts\/99626","targetHints":{"allow":["GET"]}}],"collection":[{"href":"https:\/\/www.radioamigavallenar.cl\/index.php?rest_route=\/wp\/v2\/posts"}],"about":[{"href":"https:\/\/www.radioamigavallenar.cl\/index.php?rest_route=\/wp\/v2\/types\/post"}],"author":[{"embeddable":true,"href":"https:\/\/www.radioamigavallenar.cl\/index.php?rest_route=\/wp\/v2\/users\/7"}],"replies":[{"embeddable":true,"href":"https:\/\/www.radioamigavallenar.cl\/index.php?rest_route=%2Fwp%2Fv2%2Fcomments&post=99626"}],"version-history":[{"count":1,"href":"https:\/\/www.radioamigavallenar.cl\/index.php?rest_route=\/wp\/v2\/posts\/99626\/revisions"}],"predecessor-version":[{"id":99628,"href":"https:\/\/www.radioamigavallenar.cl\/index.php?rest_route=\/wp\/v2\/posts\/99626\/revisions\/99628"}],"wp:featuredmedia":[{"embeddable":true,"href":"https:\/\/www.radioamigavallenar.cl\/index.php?rest_route=\/wp\/v2\/media\/99627"}],"wp:attachment":[{"href":"https:\/\/www.radioamigavallenar.cl\/index.php?rest_route=%2Fwp%2Fv2%2Fmedia&parent=99626"}],"wp:term":[{"taxonomy":"category","embeddable":true,"href":"https:\/\/www.radioamigavallenar.cl\/index.php?rest_route=%2Fwp%2Fv2%2Fcategories&post=99626"},{"taxonomy":"post_tag","embeddable":true,"href":"https:\/\/www.radioamigavallenar.cl\/index.php?rest_route=%2Fwp%2Fv2%2Ftags&post=99626"}],"curies":[{"name":"wp","href":"https:\/\/api.w.org\/{rel}","templated":true}]}}