{"id":99622,"date":"2026-03-14T00:04:26","date_gmt":"2026-03-14T03:04:26","guid":{"rendered":"https:\/\/www.radioamigavallenar.cl\/?p=99622"},"modified":"2026-03-14T00:04:26","modified_gmt":"2026-03-14T03:04:26","slug":"senadora-yasna-provoste-destaca-aumento-de-exportaciones-de-pisco-y-llama-a-mantener-politica-de-apertura-comercial","status":"publish","type":"post","link":"https:\/\/www.radioamigavallenar.cl\/?p=99622","title":{"rendered":"Senadora Yasna Provoste destaca aumento de exportaciones de pisco y llama a mantener pol\u00edtica de apertura comercial"},"content":{"rendered":"<p data-pm-slice=\"1 1 []\">La senadora por Atacama, Yasna Provoste, valor\u00f3 el aumento sostenido de las exportaciones de pisco chileno y llam\u00f3 a que la pr\u00f3xima administraci\u00f3n de Gobierno mantenga la pol\u00edtica de promoci\u00f3n y apertura comercial que, seg\u00fan indic\u00f3, ha permitido fortalecer la presencia del producto en distintos mercados internacionales.<\/p>\n<p>La parlamentaria se\u00f1al\u00f3 que el pisco producido en las regiones de Regi\u00f3n de Atacama y Regi\u00f3n de Coquimbo ha logrado posicionarse como un producto de calidad en mercados de Asia, Europa y Estados Unidos. \u201cEl Pisco de Atacama ha demostrado ser un producto competitivo para exportar a Asia, Europa y EE.UU., y requerimos mantener esa apertura y vocaci\u00f3n exportadora hacia todos los mercados\u201d, afirm\u00f3.<\/p>\n<p>En ese contexto, Provoste destac\u00f3 que las cifras de exportaci\u00f3n muestran un crecimiento significativo en los \u00faltimos a\u00f1os. De acuerdo con los datos entregados por ProChile, las exportaciones de pisco aumentaron un 27% durante 2025, mientras que entre 2023 y 2024 registraron una variaci\u00f3n positiva de 31,4%.<\/p>\n<p>\u201cLa evidencia es clara: en 2025 las exportaciones crecieron 27% y el desaf\u00edo es mantener ese ritmo. En los \u00faltimos a\u00f1os hemos crecido en Asia y Europa, lo que ha compensado la volatilidad en Estados Unidos. Por eso insistimos en que Chile debe exportar a todos los mercados y mantener esta l\u00f3gica de apertura que beneficia a nuestros productores\u201d, sostuvo.<\/p>\n<p>El informe de ProChile tambi\u00e9n indica que China se convirti\u00f3 en el principal mercado para el pisco chileno durante 2025, alcanzando exportaciones por US$1.001.033, lo que representa un aumento de 461,1% respecto al a\u00f1o anterior. En tanto, Espa\u00f1a registr\u00f3 una recuperaci\u00f3n con env\u00edos por US$310.317, equivalente a un alza de 188,8%, mientras que Alemania se consolid\u00f3 como un mercado estable con US$458.058 y un crecimiento de 73,1%.<\/p>\n<p>Por su parte, Estados Unidos se mantuvo como el segundo destino m\u00e1s relevante para el pisco chileno con exportaciones por US$723.812, aunque present\u00f3 una ca\u00edda de 10,8% durante el \u00faltimo a\u00f1o.<\/p>\n<p>Finalmente, la senadora subray\u00f3 que estos resultados responden al trabajo conjunto del Programa de Promoci\u00f3n de Exportaciones impulsado por ProChile junto a los gobiernos regionales de Atacama y Coquimbo, orientado a fortalecer la capacidad exportadora de las pisqueras locales. Seg\u00fan afirm\u00f3, dar continuidad a este tipo de iniciativas ser\u00e1 clave para seguir consolidando la presencia del pisco chileno en los mercados internacionales.<\/p>\n","protected":false},"excerpt":{"rendered":"<p>La senadora por Atacama, Yasna Provoste, valor\u00f3 el aumento sostenido de las exportaciones de pisco chileno y llam\u00f3 a que la pr\u00f3xima administraci\u00f3n de Gobierno&hellip; <\/p>\n","protected":false},"author":7,"featured_media":72229,"comment_status":"closed","ping_status":"closed","sticky":false,"template":"","format":"standard","meta":{"footnotes":""},"categories":[7],"tags":[],"class_list":["post-99622","post","type-post","status-publish","format-standard","has-post-thumbnail","hentry","category-atacama"],"_links":{"self":[{"href":"https:\/\/www.radioamigavallenar.cl\/index.php?rest_route=\/wp\/v2\/posts\/99622","targetHints":{"allow":["GET"]}}],"collection":[{"href":"https:\/\/www.radioamigavallenar.cl\/index.php?rest_route=\/wp\/v2\/posts"}],"about":[{"href":"https:\/\/www.radioamigavallenar.cl\/index.php?rest_route=\/wp\/v2\/types\/post"}],"author":[{"embeddable":true,"href":"https:\/\/www.radioamigavallenar.cl\/index.php?rest_route=\/wp\/v2\/users\/7"}],"replies":[{"embeddable":true,"href":"https:\/\/www.radioamigavallenar.cl\/index.php?rest_route=%2Fwp%2Fv2%2Fcomments&post=99622"}],"version-history":[{"count":1,"href":"https:\/\/www.radioamigavallenar.cl\/index.php?rest_route=\/wp\/v2\/posts\/99622\/revisions"}],"predecessor-version":[{"id":99623,"href":"https:\/\/www.radioamigavallenar.cl\/index.php?rest_route=\/wp\/v2\/posts\/99622\/revisions\/99623"}],"wp:featuredmedia":[{"embeddable":true,"href":"https:\/\/www.radioamigavallenar.cl\/index.php?rest_route=\/wp\/v2\/media\/72229"}],"wp:attachment":[{"href":"https:\/\/www.radioamigavallenar.cl\/index.php?rest_route=%2Fwp%2Fv2%2Fmedia&parent=99622"}],"wp:term":[{"taxonomy":"category","embeddable":true,"href":"https:\/\/www.radioamigavallenar.cl\/index.php?rest_route=%2Fwp%2Fv2%2Fcategories&post=99622"},{"taxonomy":"post_tag","embeddable":true,"href":"https:\/\/www.radioamigavallenar.cl\/index.php?rest_route=%2Fwp%2Fv2%2Ftags&post=99622"}],"curies":[{"name":"wp","href":"https:\/\/api.w.org\/{rel}","templated":true}]}}