{"id":99619,"date":"2026-03-14T00:03:25","date_gmt":"2026-03-14T03:03:25","guid":{"rendered":"https:\/\/www.radioamigavallenar.cl\/?p=99619"},"modified":"2026-03-14T00:03:25","modified_gmt":"2026-03-14T03:03:25","slug":"gobierno-nombra-a-los-nuevos-delegados-presidenciales-provinciales-en-chanaral-y-huasco","status":"publish","type":"post","link":"https:\/\/www.radioamigavallenar.cl\/?p=99619","title":{"rendered":"Gobierno nombra a los nuevos Delegados Presidenciales Provinciales en Cha\u00f1aral y Huasco"},"content":{"rendered":"<p data-pm-slice=\"1 1 []\">El Gobierno design\u00f3 a\u00a0<strong>Sebasti\u00e1n Urrejola Aranda<\/strong>\u00a0como nuevo Delegado Presidencial de la Provincia de Cha\u00f1aral.<\/p>\n<p>Se trata de un profesional con formaci\u00f3n en Ingenier\u00eda en Gesti\u00f3n Inform\u00e1tica e Ingenier\u00eda en Inform\u00e1tica, que cuenta con m\u00e1s de dos d\u00e9cadas de experiencia en proyectos tecnol\u00f3gicos, seguridad y operaciones en entornos de alta exigencia.<\/p>\n<p>A su vez, se design\u00f3 a\u00a0<strong>Juan Donoso<\/strong>\u00a0como delegado presidencial provincial en Huasco, en el marco de una reestructuraci\u00f3n de autoridades anunciada en marzo de 2026 por el gobierno.<\/p>\n<p>Donoso es abogado, se ha desarrollado como asesor jur\u00eddico corporativo en empresas asociadas al rubro de producci\u00f3n y exportaci\u00f3n agr\u00edcola, principalmente de uva de mesa, y adem\u00e1s como gerente de administraci\u00f3n en empresas agr\u00edcolas de la provincia del Huasco. Estudio la carrera de Derecho en la Universidad de Mar.<\/p>\n","protected":false},"excerpt":{"rendered":"<p>El Gobierno design\u00f3 a\u00a0Sebasti\u00e1n Urrejola Aranda\u00a0como nuevo Delegado Presidencial de la Provincia de Cha\u00f1aral. Se trata de un profesional con formaci\u00f3n en Ingenier\u00eda en Gesti\u00f3n&hellip; <\/p>\n","protected":false},"author":7,"featured_media":99620,"comment_status":"closed","ping_status":"closed","sticky":false,"template":"","format":"standard","meta":{"footnotes":""},"categories":[7],"tags":[],"class_list":["post-99619","post","type-post","status-publish","format-standard","has-post-thumbnail","hentry","category-atacama"],"_links":{"self":[{"href":"https:\/\/www.radioamigavallenar.cl\/index.php?rest_route=\/wp\/v2\/posts\/99619","targetHints":{"allow":["GET"]}}],"collection":[{"href":"https:\/\/www.radioamigavallenar.cl\/index.php?rest_route=\/wp\/v2\/posts"}],"about":[{"href":"https:\/\/www.radioamigavallenar.cl\/index.php?rest_route=\/wp\/v2\/types\/post"}],"author":[{"embeddable":true,"href":"https:\/\/www.radioamigavallenar.cl\/index.php?rest_route=\/wp\/v2\/users\/7"}],"replies":[{"embeddable":true,"href":"https:\/\/www.radioamigavallenar.cl\/index.php?rest_route=%2Fwp%2Fv2%2Fcomments&post=99619"}],"version-history":[{"count":1,"href":"https:\/\/www.radioamigavallenar.cl\/index.php?rest_route=\/wp\/v2\/posts\/99619\/revisions"}],"predecessor-version":[{"id":99621,"href":"https:\/\/www.radioamigavallenar.cl\/index.php?rest_route=\/wp\/v2\/posts\/99619\/revisions\/99621"}],"wp:featuredmedia":[{"embeddable":true,"href":"https:\/\/www.radioamigavallenar.cl\/index.php?rest_route=\/wp\/v2\/media\/99620"}],"wp:attachment":[{"href":"https:\/\/www.radioamigavallenar.cl\/index.php?rest_route=%2Fwp%2Fv2%2Fmedia&parent=99619"}],"wp:term":[{"taxonomy":"category","embeddable":true,"href":"https:\/\/www.radioamigavallenar.cl\/index.php?rest_route=%2Fwp%2Fv2%2Fcategories&post=99619"},{"taxonomy":"post_tag","embeddable":true,"href":"https:\/\/www.radioamigavallenar.cl\/index.php?rest_route=%2Fwp%2Fv2%2Ftags&post=99619"}],"curies":[{"name":"wp","href":"https:\/\/api.w.org\/{rel}","templated":true}]}}