{"id":99616,"date":"2026-03-14T00:01:20","date_gmt":"2026-03-14T03:01:20","guid":{"rendered":"https:\/\/www.radioamigavallenar.cl\/?p=99616"},"modified":"2026-03-13T23:47:21","modified_gmt":"2026-03-14T02:47:21","slug":"basural-ilegal-a-metros-de-senaletica-municipal-genera-molestia-en-sector-piedras-juntas-de-alto-del-carmen","status":"publish","type":"post","link":"https:\/\/www.radioamigavallenar.cl\/?p=99616","title":{"rendered":"Basural ilegal a metros de se\u00f1al\u00e9tica municipal genera molestia en sector Piedras Juntas de Alto del Carmen"},"content":{"rendered":"<p data-pm-slice=\"1 1 []\">Una denuncia ciudadana evidenci\u00f3 una preocupante situaci\u00f3n ambiental en el sector Piedras Juntas, en la comuna de Alto del Carmen, donde vecinos registraron la presencia de gran cantidad de basura acumulada a un costado de la ruta.<\/p>\n<p>Lo que m\u00e1s llam\u00f3 la atenci\u00f3n de quienes realizaron la denuncia es que, a aproximadamente un metro del lugar donde se encuentran los residuos, existe un letrero instalado por la municipalidad que advierte claramente \u201cNo botar basura\u201d, se\u00f1al que aparentemente ha sido ignorada por quienes depositaron desechos en el lugar.<\/p>\n<p>Entre los residuos visibles se observan bolsas con basura domiciliaria, escombros y objetos de gran tama\u00f1o como una cocina y un colch\u00f3n, elementos que fueron abandonados a un costado del camino, generando impacto visual y posibles focos de contaminaci\u00f3n.<\/p>\n<p>Vecinos del sector se\u00f1alan que esta situaci\u00f3n no ser\u00eda aislada y que microbasurales similares se repiten en distintos puntos del valle, una problem\u00e1tica que tambi\u00e9n se observa en diversas comunas del pa\u00eds, donde el mal uso de espacios p\u00fablicos termina afectando el entorno natural y la calidad de vida de las comunidades.<\/p>\n<p>Ante este tipo de situaciones, se reitera el llamado a la comunidad a hacer uso de los sistemas formales de retiro de residuos y denunciar a quienes realicen vertidos ilegales, con el fin de proteger los espacios comunes y evitar la formaci\u00f3n de nuevos basurales clandestinos.<\/p>\n","protected":false},"excerpt":{"rendered":"<p>Una denuncia ciudadana evidenci\u00f3 una preocupante situaci\u00f3n ambiental en el sector Piedras Juntas, en la comuna de Alto del Carmen, donde vecinos registraron la presencia&hellip; <\/p>\n","protected":false},"author":7,"featured_media":99617,"comment_status":"closed","ping_status":"closed","sticky":false,"template":"","format":"standard","meta":{"footnotes":""},"categories":[7],"tags":[],"class_list":["post-99616","post","type-post","status-publish","format-standard","has-post-thumbnail","hentry","category-atacama"],"_links":{"self":[{"href":"https:\/\/www.radioamigavallenar.cl\/index.php?rest_route=\/wp\/v2\/posts\/99616","targetHints":{"allow":["GET"]}}],"collection":[{"href":"https:\/\/www.radioamigavallenar.cl\/index.php?rest_route=\/wp\/v2\/posts"}],"about":[{"href":"https:\/\/www.radioamigavallenar.cl\/index.php?rest_route=\/wp\/v2\/types\/post"}],"author":[{"embeddable":true,"href":"https:\/\/www.radioamigavallenar.cl\/index.php?rest_route=\/wp\/v2\/users\/7"}],"replies":[{"embeddable":true,"href":"https:\/\/www.radioamigavallenar.cl\/index.php?rest_route=%2Fwp%2Fv2%2Fcomments&post=99616"}],"version-history":[{"count":1,"href":"https:\/\/www.radioamigavallenar.cl\/index.php?rest_route=\/wp\/v2\/posts\/99616\/revisions"}],"predecessor-version":[{"id":99618,"href":"https:\/\/www.radioamigavallenar.cl\/index.php?rest_route=\/wp\/v2\/posts\/99616\/revisions\/99618"}],"wp:featuredmedia":[{"embeddable":true,"href":"https:\/\/www.radioamigavallenar.cl\/index.php?rest_route=\/wp\/v2\/media\/99617"}],"wp:attachment":[{"href":"https:\/\/www.radioamigavallenar.cl\/index.php?rest_route=%2Fwp%2Fv2%2Fmedia&parent=99616"}],"wp:term":[{"taxonomy":"category","embeddable":true,"href":"https:\/\/www.radioamigavallenar.cl\/index.php?rest_route=%2Fwp%2Fv2%2Fcategories&post=99616"},{"taxonomy":"post_tag","embeddable":true,"href":"https:\/\/www.radioamigavallenar.cl\/index.php?rest_route=%2Fwp%2Fv2%2Ftags&post=99616"}],"curies":[{"name":"wp","href":"https:\/\/api.w.org\/{rel}","templated":true}]}}