{"id":99613,"date":"2026-03-14T00:01:16","date_gmt":"2026-03-14T03:01:16","guid":{"rendered":"https:\/\/www.radioamigavallenar.cl\/?p=99613"},"modified":"2026-03-13T23:46:09","modified_gmt":"2026-03-14T02:46:09","slug":"fallece-adolescente-baleado-en-la-cabeza-en-copiapo","status":"publish","type":"post","link":"https:\/\/www.radioamigavallenar.cl\/?p=99613","title":{"rendered":"Fallece adolescente baleado en la cabeza en Copiap\u00f3"},"content":{"rendered":"<p data-pm-slice=\"1 1 []\">Se registr\u00f3 un hecho que impact\u00f3 a la comunidad educativa del Liceo Polivalente Palomar. Por un estudiante que recibi\u00f3 un impacto bal\u00edstico en su cabeza.<\/p>\n<p>Los hechos ocurrieron en un domicilio ubicado en los sectores altos de la comuna de Copiap\u00f3. En donde un grupo de adolescentes realizaba videos con un arma de fuego. Y por causas que ser\u00e1n materia de investigaci\u00f3n, el arma se dispar\u00f3, ocasionando un impacto bal\u00edstico en la cabeza de uno de los j\u00f3venes. El joven fue trasladado al Hospital Regional de Copiap\u00f3.<\/p>\n<p>En donde hasta el jueves se encontraba con muerte cerebral.\u00a0Lamentablemente, durante el mediod\u00eda de este viernes se confirm\u00f3 el fallecimiento del adolescente de 17 a\u00f1os.<\/p>\n<p style=\"text-align: center;\"><strong>Formalizaci\u00f3n<\/strong><\/p>\n<p>Ante la situaci\u00f3n, la Fiscal\u00eda dispuso la concurrencia de la Brigada de Homicidios de la PDI para realizar las primeras diligencias investigativas destinadas a establecer la din\u00e1mica en que se produjo el incidente.<\/p>\n<p>A lo cual, tres adolescentes que en un inicio eran testigos del hecho fueron detenidos por porte de arma de fuego.<\/p>\n<p>En la audiencia de control de detenci\u00f3n, se inform\u00f3 que los j\u00f3venes estaban en el lugar y manipulaban un arma de fuego con municiones.<\/p>\n<p>El fiscal solicit\u00f3 ampliar la detenci\u00f3n de los adolescentes por 72 horas para efectuar nuevas diligencias investigativas.<\/p>\n","protected":false},"excerpt":{"rendered":"<p>Se registr\u00f3 un hecho que impact\u00f3 a la comunidad educativa del Liceo Polivalente Palomar. Por un estudiante que recibi\u00f3 un impacto bal\u00edstico en su cabeza.&hellip; <\/p>\n","protected":false},"author":7,"featured_media":99614,"comment_status":"closed","ping_status":"closed","sticky":false,"template":"","format":"standard","meta":{"footnotes":""},"categories":[38],"tags":[],"class_list":["post-99613","post","type-post","status-publish","format-standard","has-post-thumbnail","hentry","category-portada-regional"],"_links":{"self":[{"href":"https:\/\/www.radioamigavallenar.cl\/index.php?rest_route=\/wp\/v2\/posts\/99613","targetHints":{"allow":["GET"]}}],"collection":[{"href":"https:\/\/www.radioamigavallenar.cl\/index.php?rest_route=\/wp\/v2\/posts"}],"about":[{"href":"https:\/\/www.radioamigavallenar.cl\/index.php?rest_route=\/wp\/v2\/types\/post"}],"author":[{"embeddable":true,"href":"https:\/\/www.radioamigavallenar.cl\/index.php?rest_route=\/wp\/v2\/users\/7"}],"replies":[{"embeddable":true,"href":"https:\/\/www.radioamigavallenar.cl\/index.php?rest_route=%2Fwp%2Fv2%2Fcomments&post=99613"}],"version-history":[{"count":1,"href":"https:\/\/www.radioamigavallenar.cl\/index.php?rest_route=\/wp\/v2\/posts\/99613\/revisions"}],"predecessor-version":[{"id":99615,"href":"https:\/\/www.radioamigavallenar.cl\/index.php?rest_route=\/wp\/v2\/posts\/99613\/revisions\/99615"}],"wp:featuredmedia":[{"embeddable":true,"href":"https:\/\/www.radioamigavallenar.cl\/index.php?rest_route=\/wp\/v2\/media\/99614"}],"wp:attachment":[{"href":"https:\/\/www.radioamigavallenar.cl\/index.php?rest_route=%2Fwp%2Fv2%2Fmedia&parent=99613"}],"wp:term":[{"taxonomy":"category","embeddable":true,"href":"https:\/\/www.radioamigavallenar.cl\/index.php?rest_route=%2Fwp%2Fv2%2Fcategories&post=99613"},{"taxonomy":"post_tag","embeddable":true,"href":"https:\/\/www.radioamigavallenar.cl\/index.php?rest_route=%2Fwp%2Fv2%2Ftags&post=99613"}],"curies":[{"name":"wp","href":"https:\/\/api.w.org\/{rel}","templated":true}]}}