{"id":99610,"date":"2026-03-16T00:02:32","date_gmt":"2026-03-16T03:02:32","guid":{"rendered":"https:\/\/www.radioamigavallenar.cl\/?p=99610"},"modified":"2026-03-15T22:40:53","modified_gmt":"2026-03-16T01:40:53","slug":"nuevo-cementerio-de-vallenar-entra-en-su-etapa-final-y-proyecta-servicio-para-30-anos","status":"publish","type":"post","link":"https:\/\/www.radioamigavallenar.cl\/?p=99610","title":{"rendered":"Nuevo cementerio de Vallenar entra en su etapa final y proyecta servicio para 30 a\u00f1os"},"content":{"rendered":"<p>Una visita inspectiva realizaron el gobernador regional de Atacama, Miguel Vargas Correa, junto al alcalde de Vallenar, V\u00edctor Isla, a las obras del nuevo cementerio de la comuna, iniciativa financiada por el Gobierno Regional de Atacama con recursos del Fondo Nacional de Desarrollo Regional (FNDR) y aprobada por el Consejo Regional.<\/p>\n<p>El proyecto contempla una inversi\u00f3n superior a los $10 mil millones y busca dar respuesta a una necesidad largamente planteada por las familias de la comuna y de la provincia del Huasco.<\/p>\n<p>El nuevo cementerio de Vallenar se emplaza en el sector de la poblaci\u00f3n Baquedano y considera una superficie construida de 1,95 hect\u00e1reas, incorporando moderna infraestructura destinada a ofrecer un espacio adecuado para las familias del territorio.<\/p>\n<div class=\"code-block code-block-5\">\n<div id=\"sas_99435\"><\/div>\n<\/div>\n<p>El recinto contar\u00e1 con 21 mausoleos simples y dobles, adem\u00e1s de 3.600 sepulturas en tierra para adultos y 812 para ni\u00f1os. A ello se suman 2.481 nichos para adultos y 630 para ni\u00f1os, junto con 24 columbarios y un sal\u00f3n velatorio, configurando un complejo funerario de alto est\u00e1ndar con una vida \u00fatil proyectada de aproximadamente 30 a\u00f1os.<\/p>\n<p>Durante el recorrido por las instalaciones, el gobernador regional Miguel Vargas destac\u00f3 la relevancia de esta obra para la provincia del Huasco, se\u00f1alando que se trata de una infraestructura de gran envergadura ejecutada por la Municipalidad de Vallenar.<\/p>\n<p>\u201cEstamos visitando esta gran obra que se desarrolla en la comuna, una inversi\u00f3n financiada por el Gobierno Regional con el apoyo del Consejo Regional de Atacama. Es uno de los cementerios m\u00e1s grandes que tendr\u00e1 el pa\u00eds y una infraestructura muy necesaria para la comunidad\u201d, indic\u00f3 la autoridad.<\/p>\n<p>Vargas a\u00f1adi\u00f3 que iniciativas de este tipo tambi\u00e9n contribuyen a la reactivaci\u00f3n econ\u00f3mica, al generar empleo y mejorar la calidad de vida de la poblaci\u00f3n.<\/p>\n<p>Asimismo, valor\u00f3 el trabajo coordinado entre las distintas instituciones para concretar el proyecto. \u201cEs una obra largamente esperada en Vallenar. Sabemos de las dificultades que enfrenta el actual cementerio, por eso estamos muy satisfechos de ver que este proyecto est\u00e1 pr\u00e1cticamente terminado. Esperamos que dentro del primer semestre podamos inaugurar este espacio que dar\u00e1 tranquilidad a muchas familias\u201d, afirm\u00f3.<\/p>\n","protected":false},"excerpt":{"rendered":"<p>Una visita inspectiva realizaron el gobernador regional de Atacama, Miguel Vargas Correa, junto al alcalde de Vallenar, V\u00edctor Isla, a las obras del nuevo cementerio&hellip; <\/p>\n","protected":false},"author":7,"featured_media":99611,"comment_status":"closed","ping_status":"closed","sticky":false,"template":"","format":"standard","meta":{"footnotes":""},"categories":[7],"tags":[],"class_list":["post-99610","post","type-post","status-publish","format-standard","has-post-thumbnail","hentry","category-atacama"],"_links":{"self":[{"href":"https:\/\/www.radioamigavallenar.cl\/index.php?rest_route=\/wp\/v2\/posts\/99610","targetHints":{"allow":["GET"]}}],"collection":[{"href":"https:\/\/www.radioamigavallenar.cl\/index.php?rest_route=\/wp\/v2\/posts"}],"about":[{"href":"https:\/\/www.radioamigavallenar.cl\/index.php?rest_route=\/wp\/v2\/types\/post"}],"author":[{"embeddable":true,"href":"https:\/\/www.radioamigavallenar.cl\/index.php?rest_route=\/wp\/v2\/users\/7"}],"replies":[{"embeddable":true,"href":"https:\/\/www.radioamigavallenar.cl\/index.php?rest_route=%2Fwp%2Fv2%2Fcomments&post=99610"}],"version-history":[{"count":1,"href":"https:\/\/www.radioamigavallenar.cl\/index.php?rest_route=\/wp\/v2\/posts\/99610\/revisions"}],"predecessor-version":[{"id":99612,"href":"https:\/\/www.radioamigavallenar.cl\/index.php?rest_route=\/wp\/v2\/posts\/99610\/revisions\/99612"}],"wp:featuredmedia":[{"embeddable":true,"href":"https:\/\/www.radioamigavallenar.cl\/index.php?rest_route=\/wp\/v2\/media\/99611"}],"wp:attachment":[{"href":"https:\/\/www.radioamigavallenar.cl\/index.php?rest_route=%2Fwp%2Fv2%2Fmedia&parent=99610"}],"wp:term":[{"taxonomy":"category","embeddable":true,"href":"https:\/\/www.radioamigavallenar.cl\/index.php?rest_route=%2Fwp%2Fv2%2Fcategories&post=99610"},{"taxonomy":"post_tag","embeddable":true,"href":"https:\/\/www.radioamigavallenar.cl\/index.php?rest_route=%2Fwp%2Fv2%2Ftags&post=99610"}],"curies":[{"name":"wp","href":"https:\/\/api.w.org\/{rel}","templated":true}]}}