{"id":99607,"date":"2026-03-14T00:00:01","date_gmt":"2026-03-14T03:00:01","guid":{"rendered":"https:\/\/www.radioamigavallenar.cl\/?p=99607"},"modified":"2026-03-13T23:42:29","modified_gmt":"2026-03-14T02:42:29","slug":"santo-tomas-copiapo-destaca-la-importancia-de-la-alfabetizacion-digital-en-la-comunidad","status":"publish","type":"post","link":"https:\/\/www.radioamigavallenar.cl\/?p=99607","title":{"rendered":"Santo Tom\u00e1s Copiap\u00f3 destaca la importancia de la alfabetizaci\u00f3n digital en la comunidad"},"content":{"rendered":"<p>El acceso a la informaci\u00f3n a trav\u00e9s de internet ha transformado profundamente la manera en que las personas aprenden, se informan y se relacionan con el conocimiento. En este contexto, la alfabetizaci\u00f3n digital se ha convertido en una herramienta fundamental para desenvolverse de manera responsable y cr\u00edtica.<\/p>\n<div class=\"code-block code-block-3\">\n<div id=\"sas_99069\"><\/div>\n<\/div>\n<p>En el marco del D\u00eda Mundial contra la Censura en Internet, que se conmemora cada 13 de marzo, desde Santo Tom\u00e1s Copiap\u00f3 destacaron la importancia de fortalecer las competencias digitales en los estudiantes, especialmente en un escenario donde la informaci\u00f3n circula de manera masiva y no siempre proviene de fuentes confiables.<\/p>\n<p>El director de Extensi\u00f3n y Comunicaciones de Santo Tom\u00e1s Copiap\u00f3, Carlos Hern\u00e1ndez Ortega, se\u00f1al\u00f3 que \u201cel acceso a la informaci\u00f3n debe ir acompa\u00f1ado de habilidades que permitan analizar y comprender los contenidos disponibles en la red. Internet ofrece enormes oportunidades para acceder al conocimiento, pero tambi\u00e9n trae consigo el desaf\u00edo de formar estudiantes capaces de evaluar cr\u00edticamente la informaci\u00f3n que consumen y comparten\u201d.<\/p>\n<p>Desde esta casa de educaci\u00f3n superior destacan que la alfabetizaci\u00f3n digital es una herramienta relevante no solo para los estudiantes de la instituci\u00f3n, sino tambi\u00e9n para la comunidad. En el marco de su pol\u00edtica de Vinculaci\u00f3n con el medio, a trav\u00e9s del Proyecto emblem\u00e1tico \u00abAtenci\u00f3n integral a Personas Mayores\u00bb se han desarrollado diversas iniciativas orientadas a acercar las competencias digitales a este entorno relevante.<\/p>\n<div class=\"code-block code-block-5\">\n<div id=\"sas_99435\"><\/div>\n<\/div>\n<p>La coordinadora de Vinculaci\u00f3n con el Medio de Santo Tom\u00e1s Copiap\u00f3, Natalia P\u00e9rez Neyra, explic\u00f3 que se han impulsado actividades dirigidas especialmente a personas mayores. \u201cPara nuestra instituci\u00f3n es muy importante que la alfabetizaci\u00f3n digital llegue tambi\u00e9n a la comunidad. Por ello hemos desarrollado actividades y talleres que han permitido apoyar a personas mayores de distintos sectores de Copiap\u00f3 y Tierra Amarilla, entreg\u00e1ndoles herramientas b\u00e1sicas para el uso de tecnolog\u00edas y acceso a informaci\u00f3n digital\u201d, se\u00f1al\u00f3.<\/p>\n<p>Por \u00faltimo, Santo Tom\u00e1s destaca que este tipo de iniciativas buscan contribuir al desarrollo de una sociedad m\u00e1s inclusiva en el \u00e1mbito digital, promoviendo el acceso al conocimiento y fortaleciendo las habilidades necesarias para desenvolverse en un mundo cada vez m\u00e1s conectado.<\/p>\n","protected":false},"excerpt":{"rendered":"<p>El acceso a la informaci\u00f3n a trav\u00e9s de internet ha transformado profundamente la manera en que las personas aprenden, se informan y se relacionan con&hellip; <\/p>\n","protected":false},"author":7,"featured_media":99608,"comment_status":"closed","ping_status":"closed","sticky":false,"template":"","format":"standard","meta":{"footnotes":""},"categories":[38],"tags":[],"class_list":["post-99607","post","type-post","status-publish","format-standard","has-post-thumbnail","hentry","category-portada-regional"],"_links":{"self":[{"href":"https:\/\/www.radioamigavallenar.cl\/index.php?rest_route=\/wp\/v2\/posts\/99607","targetHints":{"allow":["GET"]}}],"collection":[{"href":"https:\/\/www.radioamigavallenar.cl\/index.php?rest_route=\/wp\/v2\/posts"}],"about":[{"href":"https:\/\/www.radioamigavallenar.cl\/index.php?rest_route=\/wp\/v2\/types\/post"}],"author":[{"embeddable":true,"href":"https:\/\/www.radioamigavallenar.cl\/index.php?rest_route=\/wp\/v2\/users\/7"}],"replies":[{"embeddable":true,"href":"https:\/\/www.radioamigavallenar.cl\/index.php?rest_route=%2Fwp%2Fv2%2Fcomments&post=99607"}],"version-history":[{"count":1,"href":"https:\/\/www.radioamigavallenar.cl\/index.php?rest_route=\/wp\/v2\/posts\/99607\/revisions"}],"predecessor-version":[{"id":99609,"href":"https:\/\/www.radioamigavallenar.cl\/index.php?rest_route=\/wp\/v2\/posts\/99607\/revisions\/99609"}],"wp:featuredmedia":[{"embeddable":true,"href":"https:\/\/www.radioamigavallenar.cl\/index.php?rest_route=\/wp\/v2\/media\/99608"}],"wp:attachment":[{"href":"https:\/\/www.radioamigavallenar.cl\/index.php?rest_route=%2Fwp%2Fv2%2Fmedia&parent=99607"}],"wp:term":[{"taxonomy":"category","embeddable":true,"href":"https:\/\/www.radioamigavallenar.cl\/index.php?rest_route=%2Fwp%2Fv2%2Fcategories&post=99607"},{"taxonomy":"post_tag","embeddable":true,"href":"https:\/\/www.radioamigavallenar.cl\/index.php?rest_route=%2Fwp%2Fv2%2Ftags&post=99607"}],"curies":[{"name":"wp","href":"https:\/\/api.w.org\/{rel}","templated":true}]}}